{"id":256,"date":"2024-08-26T10:09:07","date_gmt":"2024-08-26T07:09:07","guid":{"rendered":"https:\/\/taekwondohaber.com\/?p=256"},"modified":"2024-08-26T10:09:07","modified_gmt":"2024-08-26T07:09:07","slug":"paris-2024-olimpiyat-oyunlari","status":"publish","type":"post","link":"http:\/\/taekwondohaber.com\/index.php\/2024\/08\/26\/paris-2024-olimpiyat-oyunlari\/","title":{"rendered":"Paris 2024 Olimpiyat Oyunlar\u0131"},"content":{"rendered":"<p>Paris 2024 Olimpiyat Oyunlar\u0131\u2019nda 7-10 A\u011fustos 2024 tarihleri aras\u0131nda d\u00fczenlenecek Taekwondo M\u00fcsabakalar\u0131\u2019nda \u00fclkemizi 5 sporcumuz temsil etti. Sporcumuz Nafia Ku\u015f Ayd\u0131n, +67kg\u2019da Olimpiyat \u00dc\u00e7\u00fcnc\u00fcl\u00fc\u011f\u00fcn\u00fc kazand\u0131.<\/p>\n<figure class=\"wp-block-gallery has-nested-images columns-default is-cropped wp-block-gallery-1 is-layout-flex\">\n<figure class=\"wp-block-image size-large\"><img loading=\"lazy\" decoding=\"async\" class=\"wp-image-14048 lazyloaded\" src=\"https:\/\/turkiyetaekwondofed.gov.tr\/wp-content\/uploads\/2024\/08\/51-1024x1024.jpg\" sizes=\"auto, (min-width: 0px) and (max-width: 480px) 480px, (min-width: 481px) and (max-width: 980px) 980px, (min-width: 981px) 1024px, 100vw\" srcset=\"https:\/\/turkiyetaekwondofed.gov.tr\/wp-content\/uploads\/2024\/08\/51-1024x1024.jpg 1024w, https:\/\/turkiyetaekwondofed.gov.tr\/wp-content\/uploads\/2024\/08\/51-980x980.jpg 980w, https:\/\/turkiyetaekwondofed.gov.tr\/wp-content\/uploads\/2024\/08\/51-480x480.jpg 480w\" alt=\"\" width=\"1024\" height=\"1024\" data-id=\"14048\" data-ll-status=\"loaded\" \/><\/figure>\n<figure class=\"wp-block-image size-large\"><img loading=\"lazy\" decoding=\"async\" class=\"wp-image-14049 lazyloaded\" src=\"https:\/\/turkiyetaekwondofed.gov.tr\/wp-content\/uploads\/2024\/08\/52-819x1024.jpg\" alt=\"\" width=\"819\" height=\"1024\" data-id=\"14049\" data-ll-status=\"loaded\" \/><\/figure>\n<\/figure>\n","protected":false},"excerpt":{"rendered":"<p>Paris 2024 Olimpiyat Oyunlar\u0131\u2019nda 7-10 A\u011fustos 2024 tarihleri aras\u0131nda d\u00fczenlenecek Taekwondo M\u00fcsabakalar\u0131\u2019nda \u00fclkemizi 5 sporcumuz temsil etti. Sporcumuz Nafia Ku\u015f Ayd\u0131n, +67kg\u2019da Olimpiyat \u00dc\u00e7\u00fcnc\u00fcl\u00fc\u011f\u00fcn\u00fc kazand\u0131.<\/p>\n","protected":false},"author":1,"featured_media":257,"comment_status":"open","ping_status":"open","sticky":false,"template":"","format":"standard","meta":{"footnotes":""},"categories":[1],"tags":[],"class_list":["post-256","post","type-post","status-publish","format-standard","has-post-thumbnail","hentry","category-genel"],"_links":{"self":[{"href":"http:\/\/taekwondohaber.com\/index.php\/wp-json\/wp\/v2\/posts\/256","targetHints":{"allow":["GET"]}}],"collection":[{"href":"http:\/\/taekwondohaber.com\/index.php\/wp-json\/wp\/v2\/posts"}],"about":[{"href":"http:\/\/taekwondohaber.com\/index.php\/wp-json\/wp\/v2\/types\/post"}],"author":[{"embeddable":true,"href":"http:\/\/taekwondohaber.com\/index.php\/wp-json\/wp\/v2\/users\/1"}],"replies":[{"embeddable":true,"href":"http:\/\/taekwondohaber.com\/index.php\/wp-json\/wp\/v2\/comments?post=256"}],"version-history":[{"count":1,"href":"http:\/\/taekwondohaber.com\/index.php\/wp-json\/wp\/v2\/posts\/256\/revisions"}],"predecessor-version":[{"id":258,"href":"http:\/\/taekwondohaber.com\/index.php\/wp-json\/wp\/v2\/posts\/256\/revisions\/258"}],"wp:featuredmedia":[{"embeddable":true,"href":"http:\/\/taekwondohaber.com\/index.php\/wp-json\/wp\/v2\/media\/257"}],"wp:attachment":[{"href":"http:\/\/taekwondohaber.com\/index.php\/wp-json\/wp\/v2\/media?parent=256"}],"wp:term":[{"taxonomy":"category","embeddable":true,"href":"http:\/\/taekwondohaber.com\/index.php\/wp-json\/wp\/v2\/categories?post=256"},{"taxonomy":"post_tag","embeddable":true,"href":"http:\/\/taekwondohaber.com\/index.php\/wp-json\/wp\/v2\/tags?post=256"}],"curies":[{"name":"wp","href":"https:\/\/api.w.org\/{rel}","templated":true}]}}