{"id":262,"date":"2024-08-26T10:11:45","date_gmt":"2024-08-26T07:11:45","guid":{"rendered":"https:\/\/taekwondohaber.com\/?p=262"},"modified":"2024-08-26T10:11:45","modified_gmt":"2024-08-26T07:11:45","slug":"2024-dunya-gencler-taekwondo-sampiyonasi-milli-takim-secmesi","status":"publish","type":"post","link":"http:\/\/taekwondohaber.com\/index.php\/2024\/08\/26\/2024-dunya-gencler-taekwondo-sampiyonasi-milli-takim-secmesi\/","title":{"rendered":"2024 D\u00fcnya Gen\u00e7ler Taekwondo \u015eampiyonas\u0131 Milli Tak\u0131m Se\u00e7mesi"},"content":{"rendered":"<p><strong>T\u00fcrkiye Taekwondo Federasyonu, 01-06 Ekim 2024 tarihleri aras\u0131nda G\u00fcney Kore\u2019nin Chuncheon d\u00fczenlenecek D\u00fcnya Gen\u00e7ler Taekwondo \u015eampiyonas\u0131 i\u00e7in milli tak\u0131m se\u00e7me listesi yay\u0131nlad\u0131.<\/strong><\/p>\n<p><strong>Se\u00e7me Tarihi :<\/strong>\u00a031 A\u011fustos Cumartesi (Saati daha sonra duyurulacakt\u0131r)<br \/>\n<strong>Tart\u0131 Tarihi ve Saati :<\/strong>\u00a030 A\u011fustos 2024, Cuma (Saati daha sonra duyurulacakt\u0131r)<br \/>\n<strong>Se\u00e7me ve Tart\u0131 Yeri :<\/strong>\u00a0Konya (Salon ad\u0131 daha sonra duyurulacakt\u0131r)<\/p>\n<p>&nbsp;<\/p>\n<p><strong><mark class=\"has-inline-color has-vivid-red-color\">!! \u00d6NEML\u0130 !!Teknik Kurul gerekli g\u00f6rd\u00fc\u011f\u00fc hallerde se\u00e7me listelerinde, direkt gidecek sporcu isimlerinde ve se\u00e7me m\u00fcsabakalar\u0131n\u0131n kurallar\u0131nda de\u011fi\u015fiklikler yapabilir.Teknik Kurul se\u00e7me m\u00fcsabakalar\u0131n\u0131 kazanan sporcular\u0131n kamp \u00e7al\u0131\u015fmalar\u0131ndaki performans durumuna g\u00f6re tekrar se\u00e7me m\u00fcsabakas\u0131 yapabilir veya milli tak\u0131m listesinde de\u011fi\u015fikli\u011fe gidebilir.<\/mark><br \/>\n<\/strong><br \/>\n\u2013 Se\u00e7meler \u201cDaedo Elektronik Sistem\u201d ile yap\u0131lacakt\u0131r.<br \/>\n\u2013 Tart\u0131da kilo tolerans\u0131 olmayacakt\u0131r.<br \/>\n\u2013 Se\u00e7me m\u00fcsabakalar\u0131nda D\u00fcnya Taekwondo Federasyonu\u2019nun (WT) son oyun kurallar\u0131 ge\u00e7erli olacakt\u0131r.<br \/>\n\u2013 Milli Tak\u0131m se\u00e7mesine kat\u0131lacak sporcu ve antren\u00f6rlerin izinleri Gen\u00e7lik ve Spor \u0130l M\u00fcd\u00fcrl\u00fckleri taraf\u0131ndan al\u0131nacak, ayr\u0131ca harc\u0131rahlar\u0131 da Gen\u00e7lik ve Spor \u0130l M\u00fcd\u00fcrl\u00fckleri veya Kul\u00fcpleri taraf\u0131ndan kar\u015f\u0131lanacak olup, Federasyonumuz taraf\u0131ndan se\u00e7melerde harc\u0131rah \u00f6denmeyecektir.<\/p>\n<p>Taekwondo camias\u0131na \u00f6nemle duyurulur.<\/p>\n<figure class=\"wp-block-table\">\n<table>\n<tbody>\n<tr>\n<td><strong>ERKEKLER<\/strong><\/td>\n<td><strong>KADINLAR<\/strong><\/td>\n<\/tr>\n<tr>\n<td><strong>45 Kg<\/strong><br \/>\nAltu\u011f Gesge \u2013 Direkt<\/td>\n<td><strong>42 Kg -Se\u00e7me Listesi-<\/strong><br \/>\nDamla Nur Y\u0131lmaz<br \/>\nAzra Naz Kam\u0131\u015f<br \/>\nEsma \u00c7elik<br \/>\nSahra Nur \u00d6zdemir<br \/>\nBuse Nur Kazako\u011flu<br \/>\nNazl\u0131 Efe<br \/>\nEcrin \u00dcnl\u00fct\u00fcrk<br \/>\nAy\u015fe Orhan<br \/>\nZeynep \u00c7i\u00e7ek<\/td>\n<\/tr>\n<tr>\n<td><strong>48 Kg<\/strong><br \/>\nMurat Semih Uzun \u2013 Direkt<\/td>\n<td><strong>44 Kg<\/strong><br \/>\nR\u00fcveyda Nur Evin \u2013 Direkt<\/td>\n<\/tr>\n<tr>\n<td><strong>51Kg<\/strong><br \/>\nSelimhan Aksoy \u2013 Direkt<\/td>\n<td><strong>46 Kg<\/strong><br \/>\nHayrunnisa G\u00fcrb\u00fcz \u2013 Direkt<\/td>\n<\/tr>\n<tr>\n<td><strong>55 Kg<\/strong><br \/>\nEmre Talha Evin \u2013 Direkt<\/td>\n<td><strong>49 Kg<\/strong><br \/>\nAsl\u0131 Cemre Ceylan \u2013 Direkt<\/td>\n<\/tr>\n<tr>\n<td><strong>59 Kg<\/strong><br \/>\nYusuf Badem \u2013 Direkt<\/td>\n<td><strong>52 Kg<\/strong><br \/>\nS\u0131la Irmak Uzun\u00e7avdar \u2013 Direkt<\/td>\n<\/tr>\n<tr>\n<td><strong>63 Kg \u2013 Se\u00e7me Listesi-<\/strong><br \/>\nAhmet Bo\u011fa\u00e7han Ceylan<br \/>\nMehmet Efe Av\u015far<br \/>\nH\u00fcseyin Arslan<br \/>\nMustafa Ta\u015fdelen<br \/>\nAli Sami Pelit<br \/>\n\u0130brahim Efe D\u00fczel<br \/>\nMuhammed Ali Toktay<br \/>\nAhmet Arda \u00c7ankaya<br \/>\nNusret Efe \u00c7ak\u0131r<\/td>\n<td><strong>55 Kg<\/strong><br \/>\nM\u00fcm\u00fcne Nur G\u00f6z \u2013 Direkt<\/td>\n<\/tr>\n<tr>\n<td><strong>68 Kg<\/strong><br \/>\nBu\u011fra Co\u015fkung\u00f6n\u00fcl \u2013 Direkt<\/td>\n<td><strong>59 Kg<\/strong><br \/>\nCansu \u00d6zg\u00fcven \u2013 Direkt<\/td>\n<\/tr>\n<tr>\n<td><strong>73 Kg<\/strong><br \/>\nSedat Enes K\u0131l\u0131\u00e7aslan \u2013 Direkt<\/td>\n<td><strong>63 Kg<\/strong><br \/>\nBeyzanur Pehlivan \u2013 Direkt<\/td>\n<\/tr>\n<tr>\n<td><strong>78 Kg<\/strong><br \/>\nSamet Co\u015fkun \u2013 Direkt<\/td>\n<td><strong>68 Kg<\/strong><br \/>\nDilara \u015eirin \u2013 Direkt<\/td>\n<\/tr>\n<tr>\n<td><strong>+78 Kg \u2013 Se\u00e7me Listesi-<\/strong><br \/>\nF\u0131rat Murat Taha G\u00fcn\u00fc\u00e7<br \/>\nRecep Alperen Akta\u015f<br \/>\nYusuf Efe M\u0131zrak<br \/>\nArda Alku\u015f<br \/>\nEkrem I\u015f\u0131k<br \/>\nHamit K\u0131van\u00e7 Odaba\u015f\u0131<br \/>\nYavuz Selim Yamak<br \/>\nArda Y\u0131ld\u0131r\u0131m<br \/>\nAbdussamed S\u00f6zen<\/td>\n<td><strong>+68 Kg<\/strong><br \/>\nElifnaz K\u00f6seo\u011flu \u2013 Direkt<\/td>\n<\/tr>\n<\/tbody>\n<\/table>\n<\/figure>\n","protected":false},"excerpt":{"rendered":"<p>T\u00fcrkiye Taekwondo Federasyonu, 01-06 Ekim 2024 tarihleri aras\u0131nda G\u00fcney Kore\u2019nin Chuncheon d\u00fczenlenecek D\u00fcnya Gen\u00e7ler Taekwondo \u015eampiyonas\u0131 i\u00e7in milli tak\u0131m se\u00e7me listesi yay\u0131nlad\u0131. Se\u00e7me Tarihi :\u00a031 A\u011fustos Cumartesi (Saati daha sonra duyurulacakt\u0131r) Tart\u0131 Tarihi ve Saati :\u00a030 A\u011fustos 2024, Cuma (Saati daha sonra duyurulacakt\u0131r) Se\u00e7me ve Tart\u0131 Yeri :\u00a0Konya (Salon ad\u0131 daha sonra duyurulacakt\u0131r) &nbsp; !! [&hellip;]<\/p>\n","protected":false},"author":1,"featured_media":263,"comment_status":"open","ping_status":"open","sticky":false,"template":"","format":"standard","meta":{"footnotes":""},"categories":[1],"tags":[],"class_list":["post-262","post","type-post","status-publish","format-standard","has-post-thumbnail","hentry","category-genel"],"_links":{"self":[{"href":"http:\/\/taekwondohaber.com\/index.php\/wp-json\/wp\/v2\/posts\/262","targetHints":{"allow":["GET"]}}],"collection":[{"href":"http:\/\/taekwondohaber.com\/index.php\/wp-json\/wp\/v2\/posts"}],"about":[{"href":"http:\/\/taekwondohaber.com\/index.php\/wp-json\/wp\/v2\/types\/post"}],"author":[{"embeddable":true,"href":"http:\/\/taekwondohaber.com\/index.php\/wp-json\/wp\/v2\/users\/1"}],"replies":[{"embeddable":true,"href":"http:\/\/taekwondohaber.com\/index.php\/wp-json\/wp\/v2\/comments?post=262"}],"version-history":[{"count":1,"href":"http:\/\/taekwondohaber.com\/index.php\/wp-json\/wp\/v2\/posts\/262\/revisions"}],"predecessor-version":[{"id":264,"href":"http:\/\/taekwondohaber.com\/index.php\/wp-json\/wp\/v2\/posts\/262\/revisions\/264"}],"wp:featuredmedia":[{"embeddable":true,"href":"http:\/\/taekwondohaber.com\/index.php\/wp-json\/wp\/v2\/media\/263"}],"wp:attachment":[{"href":"http:\/\/taekwondohaber.com\/index.php\/wp-json\/wp\/v2\/media?parent=262"}],"wp:term":[{"taxonomy":"category","embeddable":true,"href":"http:\/\/taekwondohaber.com\/index.php\/wp-json\/wp\/v2\/categories?post=262"},{"taxonomy":"post_tag","embeddable":true,"href":"http:\/\/taekwondohaber.com\/index.php\/wp-json\/wp\/v2\/tags?post=262"}],"curies":[{"name":"wp","href":"https:\/\/api.w.org\/{rel}","templated":true}]}}