{"id":268,"date":"2024-08-26T10:13:16","date_gmt":"2024-08-26T07:13:16","guid":{"rendered":"https:\/\/taekwondohaber.com\/?p=268"},"modified":"2024-08-26T10:13:16","modified_gmt":"2024-08-26T07:13:16","slug":"murat-simsek-2024-turkiye-yildizlar-taekwondo-sampiyonasi-kuralar-sonuclar","status":"publish","type":"post","link":"http:\/\/taekwondohaber.com\/index.php\/2024\/08\/26\/murat-simsek-2024-turkiye-yildizlar-taekwondo-sampiyonasi-kuralar-sonuclar\/","title":{"rendered":"Murat \u015eim\u015fek 2024 T\u00fcrkiye Y\u0131ld\u0131zlar Taekwondo \u015eampiyonas\u0131 (Kuralar &#038; Sonu\u00e7lar)"},"content":{"rendered":"<p>T\u00fcrkiye Taekwondo Federasyonu\u2019nun 2024 Y\u0131l\u0131 Faaliyet Program\u0131nda yer alan Y\u0131ld\u0131zlar T\u00fcrkiye Taekwondo \u015eampiyonas\u0131\u2019n\u0131n k\u0131sa bir s\u00fcre \u00f6nce elim bir trafik kazas\u0131yla aram\u0131zdan ayr\u0131lan antren\u00f6r\u00fcm\u00fcz \u2018Murat \u015eim\u015fek\u2019 ad\u0131yla 21 -26 A\u011fustos 2024 tarihleri aras\u0131nda \u0130zmir\u2019de yap\u0131lmas\u0131 planlanmaktad\u0131r.<\/p>\n<p>&nbsp;<\/p>\n<h2><strong data-rich-text-format-boundary=\"true\">\u00a0 \u00a0 \u00a0 \u00a0 \u00a0 \u00a0 \u00a0 \u00a0 \u00a0 \u00a0 \u00a0 \u00a0 M\u00dcSABAKA PROGRAMI<\/strong><\/h2>\n<h3><strong>MURAT \u015e\u0130M\u015eEK 2024\u00a0 T\u00dcRK\u0130YE YILDIZLAR TAEKWONDO \u015eAMP\u0130YONASI M\u00dcSABAKA PROGRAMI 21 \u2013 26 A\u011eUSTOS 2024<\/strong><\/h3>\n<pre><strong>21-26  A\u011fustos 2024 | \u0130zmir<\/strong><\/pre>\n<table border=\"1\">\n<tbody>\n<tr>\n<td><\/td>\n<td><strong>21 A\u011eUSTOS<\/strong><\/td>\n<td><strong>22 A\u011eUSTOS<\/strong><\/td>\n<td><strong>23 A\u011eUSTOS<\/strong><\/td>\n<td><strong>24 A\u011eUSTOS<\/strong><\/td>\n<td><strong>25 A\u011eUSTOS<\/strong><\/td>\n<td><strong>26 A\u011eUSTOS<\/strong><\/td>\n<\/tr>\n<tr>\n<td><strong>ERKEKLER<\/strong><\/td>\n<td>37 KG<\/td>\n<td>45 \u2013 53 \u2013 57 KG<\/td>\n<td>41 \u2013 (+)65 KG<\/td>\n<td>33 KG<\/td>\n<td>61 \u2013 65 KG<\/td>\n<td>49 KG<\/td>\n<\/tr>\n<tr>\n<td><strong>KADINLAR<\/strong><\/td>\n<td>29 \u2013 41- 55 KG<\/td>\n<td>59 KG<\/td>\n<td>44 KG<\/td>\n<td>37 \u2013 47 KG<\/td>\n<td>33 \u2013 51 KG<\/td>\n<td>(+)59 KG<\/td>\n<\/tr>\n<\/tbody>\n<\/table>\n<div class=\"table-responsive\">\n<table class=\"table\" border=\"1\">\n<tbody>\n<tr>\n<td colspan=\"7\"><strong>KURA L\u0130STELER\u0130<\/strong><\/td>\n<\/tr>\n<tr>\n<th scope=\"col\" bgcolor=\"#30d5c8\"><a href=\"https:\/\/turkiyetaekwondofed.gov.tr\/wp-content\/uploads\/2024\/08\/1.gun-kura-1.pdf\"><strong>L\u00fctfen T\u0131klay\u0131n\u0131z<br \/>\n1.G\u00dcN<\/strong><\/a><\/th>\n<th scope=\"col\" bgcolor=\"#30d5c8\"><a href=\"https:\/\/turkiyetaekwondofed.gov.tr\/wp-content\/uploads\/2024\/08\/2.gun-kura-1.pdf\"><strong>L\u00fctfen T\u0131klay\u0131n\u0131z<br \/>\n2.G\u00dcN<\/strong><\/a><\/th>\n<th scope=\"col\" bgcolor=\"#30d5c8\"><a href=\"https:\/\/turkiyetaekwondofed.gov.tr\/wp-content\/uploads\/2024\/08\/3.gun-kura-1.pdf\"><strong>L\u00fctfen T\u0131klay\u0131n\u0131z<br \/>\n3.G\u00dcN<\/strong><\/a><\/th>\n<th scope=\"col\" bgcolor=\"#30d5c8\"><a href=\"https:\/\/turkiyetaekwondofed.gov.tr\/wp-content\/uploads\/2024\/08\/4.gun-kura-1.pdf\"><strong>L\u00fctfen T\u0131klay\u0131n\u0131z<br \/>\n4.G\u00dcN<\/strong><\/a><\/th>\n<th scope=\"col\" bgcolor=\"#30d5c8\"><a href=\"https:\/\/turkiyetaekwondofed.gov.tr\/wp-content\/uploads\/2024\/08\/5.gun-kura-1.pdf\"><strong>L\u00fctfen T\u0131klay\u0131n\u0131z<br \/>\n5.G\u00dcN<\/strong><\/a><\/th>\n<th scope=\"col\" bgcolor=\"#30d5c8\"><a href=\"https:\/\/turkiyetaekwondofed.gov.tr\/wp-content\/uploads\/2024\/08\/6.gun-kura.pdf\"><strong>L\u00fctfen T\u0131klay\u0131n\u0131z<br \/>\n6.G\u00dcN<\/strong><\/a><\/th>\n<\/tr>\n<\/tbody>\n<\/table>\n<table class=\"table\" border=\"1\">\n<tbody>\n<tr>\n<td colspan=\"7\"><strong>RANDOM L\u0130STELER\u0130<\/strong><\/td>\n<\/tr>\n<tr>\n<th scope=\"col\" bgcolor=\"#ffa44f\"><a href=\"https:\/\/turkiyetaekwondofed.gov.tr\/wp-content\/uploads\/2024\/08\/1.gun-random-1.pdf\"><strong>L\u00fctfen T\u0131klay\u0131n\u0131z<br \/>\n1.G\u00dcN<\/strong><\/a><\/th>\n<th scope=\"col\" bgcolor=\"#ffa44f\"><a href=\"https:\/\/turkiyetaekwondofed.gov.tr\/wp-content\/uploads\/2024\/08\/2.gun-random-1.pdf\"><strong>L\u00fctfen T\u0131klay\u0131n\u0131z<br \/>\n2.G\u00dcN<\/strong><\/a><\/th>\n<th scope=\"col\" bgcolor=\"#ffa44f\"><a href=\"https:\/\/turkiyetaekwondofed.gov.tr\/wp-content\/uploads\/2024\/08\/3.gun-random-1.pdf\"><strong>L\u00fctfen T\u0131klay\u0131n\u0131z<br \/>\n3.G\u00dcN<\/strong><\/a><\/th>\n<th scope=\"col\" bgcolor=\"#ffa44f\"><a href=\"https:\/\/turkiyetaekwondofed.gov.tr\/wp-content\/uploads\/2024\/08\/4.gun-random-1.pdf\"><strong>L\u00fctfen T\u0131klay\u0131n\u0131z<br \/>\n4.G\u00dcN<\/strong><\/a><\/th>\n<th scope=\"col\" bgcolor=\"#ffa44f\"><a href=\"https:\/\/turkiyetaekwondofed.gov.tr\/wp-content\/uploads\/2024\/08\/5.gun-random-1.pdf\"><strong>L\u00fctfen T\u0131klay\u0131n\u0131z<br \/>\n5.G\u00dcN<\/strong><\/a><\/th>\n<th scope=\"col\" bgcolor=\"#ffa44f\"><a href=\"https:\/\/turkiyetaekwondofed.gov.tr\/wp-content\/uploads\/2024\/08\/6.gun-random.pdf\"><strong>L\u00fctfen T\u0131klay\u0131n\u0131z<br \/>\n6.G\u00dcN<\/strong><\/a><\/th>\n<\/tr>\n<\/tbody>\n<\/table>\n<table class=\"table\" border=\"1\">\n<tbody>\n<tr>\n<td colspan=\"7\"><strong>SONU\u00c7 L\u0130STELER\u0130<\/strong><\/td>\n<\/tr>\n<tr>\n<th scope=\"col\" bgcolor=\"#6c2\"><a href=\"https:\/\/turkiyetaekwondofed.gov.tr\/wp-content\/uploads\/2024\/08\/1-8-1.pdf\"><strong>L\u00fctfen T\u0131klay\u0131n\u0131z<br \/>\n1.G\u00dcN<\/strong><\/a><\/th>\n<th scope=\"col\" bgcolor=\"#6c2\"><a href=\"https:\/\/turkiyetaekwondofed.gov.tr\/wp-content\/uploads\/2024\/08\/2-8-1.pdf\"><strong>L\u00fctfen T\u0131klay\u0131n\u0131z<br \/>\n2.G\u00dcN<\/strong><\/a><\/th>\n<th scope=\"col\" bgcolor=\"#6c2\"><a href=\"https:\/\/turkiyetaekwondofed.gov.tr\/wp-content\/uploads\/2024\/08\/3-8-1.pdf\"><strong>L\u00fctfen T\u0131klay\u0131n\u0131z<br \/>\n3.G\u00dcN<\/strong><\/a><\/th>\n<th scope=\"col\" bgcolor=\"#6c2\"><a href=\"https:\/\/turkiyetaekwondofed.gov.tr\/wp-content\/uploads\/2024\/08\/4-8-2.pdf\"><strong>L\u00fctfen T\u0131klay\u0131n\u0131z<br \/>\n4.G\u00dcN<\/strong><\/a><\/th>\n<th scope=\"col\" bgcolor=\"#6c2\"><a href=\"https:\/\/turkiyetaekwondofed.gov.tr\/wp-content\/uploads\/2024\/08\/5-8-1.pdf\"><strong>L\u00fctfen T\u0131klay\u0131n\u0131z<br \/>\n5.G\u00dcN<\/strong><\/a><\/th>\n<th scope=\"col\" bgcolor=\"#6c2\"><strong>L\u00fctfen T\u0131klay\u0131n\u0131z<br \/>\n6.G\u00dcN<\/strong><\/th>\n<\/tr>\n<\/tbody>\n<\/table>\n<\/div>\n<p><strong>M\u00dcSABAKA B\u0130LG\u0130LER\u0130 ve ONLINE KAYIT<\/strong><\/p>\n<p><strong>M\u00fcsabaka Tarihi<\/strong>\u00a0: 21 -26 A\u011fustos 2024<\/p>\n<p><strong>M\u00fcsabaka Yeri<\/strong>\u00a0: \u0130zmir Halkap\u0131nar Spor Salonu<\/p>\n<p><strong>Teknik Toplant\u0131<\/strong>\u00a0: 20 A\u011fustos 2024 \u2013 Saat : 17:00<\/p>\n<p><strong>Tart\u0131<\/strong>\u00a0: 20 A\u011fustos 2024 \u2013 Saat: 10.00 \u2013 14.00 ( \u0130lk g\u00fcn m\u00fcsabakalar\u0131n\u0131n tart\u0131s\u0131 ) \u2013 Her s\u0131kletin tart\u0131s\u0131 o s\u0131kletin m\u00fcsabaka g\u00fcn\u00fcnden bir g\u00fcn \u00f6nce yap\u0131lacakt\u0131r.<\/p>\n<p>Y\u0131ld\u0131zlar T\u00fcrkiye Taekwondo \u015eampiyonas\u0131nda raunt kazanma sistemi uygulanacakt\u0131r.<\/p>\n<p>Sporcu kay\u0131tlar\u0131, kul\u00fcpler taraf\u0131ndan Federasyonun internet sitesinin alt taraf\u0131nda bulunan \u201cOnline M\u00fcsabaka Kay\u0131t\u201d b\u00f6l\u00fcm\u00fcndeki link t\u0131klanarak ula\u015f\u0131lacak sayfadan, daha \u00f6nce Federasyondan alm\u0131\u015f olduklar\u0131 kul\u00fcp \u015fifreleriyle yap\u0131labilecek olup,\u00a0online kay\u0131t giri\u015fi\u00a0<strong>01 A\u011fustos 2024<\/strong>\u00a0tarihinde ba\u015flay\u0131p\u00a0<strong>16 A\u011fustos 2024<\/strong>\u00a0Cuma saat 24:00\u2019de sona erecektir. Online kay\u0131t s\u00fcresi uzat\u0131lmayacakt\u0131r.<\/p>\n<p>Ferdi sporcular\u0131n kay\u0131tlar\u0131 ise ekte sunulan dilek\u00e7enin eksiksiz doldurularak, a\u015fa\u011f\u0131da belirtilen e-posta adresine veya\u00a0Federasyonumuza faks yoluyla\u00a0<strong>16 A\u011fustos 2024\u00a0<\/strong>tarihi mesai bitimine kadar ba\u015fvurmalar\u0131 halinde yap\u0131lacakt\u0131r.<br \/>\n** Online Geli\u015fim Seminerinde 2024 Y\u0131l\u0131 Vizesini yapt\u0131ran antren\u00f6r ve hakemlerimize da\u011f\u0131t\u0131lan akreditasyon kart\u0131n\u0131 kaybedenler T\u00fcrkiye Taekwondo Federasyonu TL hesab\u0131na (TR10 0006 2000 7110 0006 2958 75)\u00a0<strong>200 TL<\/strong>\u00a0yat\u0131rarak yeni akreditasyon kart\u0131 bast\u0131rabileceklerdir.<\/p>\n<p>** Deneme tart\u0131s\u0131na \u00e7\u0131k\u0131p, resmi tart\u0131 \u00f6ncesi s\u0131klet de\u011fi\u015fikli\u011fi yapmak isteyen sporcular bu i\u015flemi T\u00fcrkiye Taekwondo Federasyonu TL hesab\u0131na (TR10 0006 2000 7110 0006 2958 75)\u00a0<strong>200 TL<\/strong>\u00a0yat\u0131rarak yapabileceklerdir.<\/p>\n<p>** \u015eampiyonaya kay\u0131t yapt\u0131rmadan gelen sporcular, il m\u00fcd\u00fcrl\u00fckleri listesinde yer almalar\u0131 halinde T\u00fcrkiye Taekwondo Federasyonu TL hesab\u0131na (TR10 0006 2000 7110 0006 2958 75)\u00a0<strong>200 TL<\/strong>\u00a0yat\u0131rarak ge\u00e7 kay\u0131tlar\u0131n\u0131 yapt\u0131rabileceklerdir.<\/p>\n<p><strong>\u00d6nemli Not: M\u00fcsabakalara kay\u0131t yapacak sporcular \u0130L M\u00dcD\u00dcRL\u00dcKLER\u0130 taraf\u0131ndan g\u00f6nderilecek listelerde yer alan sporcular olmal\u0131d\u0131r.<\/strong><\/p>\n<p>\u2013Federasyonumuzca harc\u0131rahlar\u0131 \u00f6denmeyen kafilelerin idareci, antren\u00f6r ve sporcular\u0131n\u0131n harc\u0131rahlar\u0131 Devlet Bakanl\u0131\u011f\u0131n\u0131n 07\/06\/2007 tarih ve 2461 say\u0131l\u0131 genelgesi uyar\u0131nca Gen\u00e7lik ve Spor \u0130l M\u00fcd\u00fcrl\u00fcklerince kar\u015f\u0131lanabilecektir.\u201d denilmekte olup; harc\u0131rahlar Gen\u00e7lik ve Spor \u0130l M\u00fcd\u00fcrl\u00fcklerince kar\u015f\u0131lanabilecektir.<\/p>\n<p>E-posta : info@taekwondo.org.tr<\/p>\n<p>Telefon : +90.312.310 88 16 \/ dahili: 113 ve 114<\/p>\n<p>Faks : +90.312.310 90 42<\/p>\n<p><strong><a href=\"https:\/\/turkiyetaekwondofed.gov.tr\/wp-content\/uploads\/2024\/08\/FerdiDilekce_2024yildiz.docx\">Ferdi sporcular\u0131n kat\u0131l\u0131m dilek\u00e7esi i\u00e7in t\u0131klay\u0131n\u0131z.<\/a><\/strong><\/p>\n<p><a href=\"https:\/\/v1.turkiyetaekwondofed.gov.tr\/kayittae\/sinav.asp\"><strong>M\u00fcsabakalara online kay\u0131t yapt\u0131rmak i\u00e7in t\u0131klay\u0131n\u0131z.<\/strong><\/a><\/p>\n","protected":false},"excerpt":{"rendered":"<p>T\u00fcrkiye Taekwondo Federasyonu\u2019nun 2024 Y\u0131l\u0131 Faaliyet Program\u0131nda yer alan Y\u0131ld\u0131zlar T\u00fcrkiye Taekwondo \u015eampiyonas\u0131\u2019n\u0131n k\u0131sa bir s\u00fcre \u00f6nce elim bir trafik kazas\u0131yla aram\u0131zdan ayr\u0131lan antren\u00f6r\u00fcm\u00fcz \u2018Murat \u015eim\u015fek\u2019 ad\u0131yla 21 -26 A\u011fustos 2024 tarihleri aras\u0131nda \u0130zmir\u2019de yap\u0131lmas\u0131 planlanmaktad\u0131r. &nbsp; \u00a0 \u00a0 \u00a0 \u00a0 \u00a0 \u00a0 \u00a0 \u00a0 \u00a0 \u00a0 \u00a0 \u00a0 M\u00dcSABAKA PROGRAMI MURAT \u015e\u0130M\u015eEK 2024\u00a0 T\u00dcRK\u0130YE [&hellip;]<\/p>\n","protected":false},"author":1,"featured_media":269,"comment_status":"open","ping_status":"open","sticky":false,"template":"","format":"standard","meta":{"footnotes":""},"categories":[1],"tags":[],"class_list":["post-268","post","type-post","status-publish","format-standard","has-post-thumbnail","hentry","category-genel"],"_links":{"self":[{"href":"http:\/\/taekwondohaber.com\/index.php\/wp-json\/wp\/v2\/posts\/268","targetHints":{"allow":["GET"]}}],"collection":[{"href":"http:\/\/taekwondohaber.com\/index.php\/wp-json\/wp\/v2\/posts"}],"about":[{"href":"http:\/\/taekwondohaber.com\/index.php\/wp-json\/wp\/v2\/types\/post"}],"author":[{"embeddable":true,"href":"http:\/\/taekwondohaber.com\/index.php\/wp-json\/wp\/v2\/users\/1"}],"replies":[{"embeddable":true,"href":"http:\/\/taekwondohaber.com\/index.php\/wp-json\/wp\/v2\/comments?post=268"}],"version-history":[{"count":1,"href":"http:\/\/taekwondohaber.com\/index.php\/wp-json\/wp\/v2\/posts\/268\/revisions"}],"predecessor-version":[{"id":270,"href":"http:\/\/taekwondohaber.com\/index.php\/wp-json\/wp\/v2\/posts\/268\/revisions\/270"}],"wp:featuredmedia":[{"embeddable":true,"href":"http:\/\/taekwondohaber.com\/index.php\/wp-json\/wp\/v2\/media\/269"}],"wp:attachment":[{"href":"http:\/\/taekwondohaber.com\/index.php\/wp-json\/wp\/v2\/media?parent=268"}],"wp:term":[{"taxonomy":"category","embeddable":true,"href":"http:\/\/taekwondohaber.com\/index.php\/wp-json\/wp\/v2\/categories?post=268"},{"taxonomy":"post_tag","embeddable":true,"href":"http:\/\/taekwondohaber.com\/index.php\/wp-json\/wp\/v2\/tags?post=268"}],"curies":[{"name":"wp","href":"https:\/\/api.w.org\/{rel}","templated":true}]}}