{"id":213,"date":"2024-01-28T16:12:49","date_gmt":"2024-01-28T13:12:49","guid":{"rendered":"https:\/\/taekwondohaber.com\/?p=213"},"modified":"2024-01-28T16:12:49","modified_gmt":"2024-01-28T13:12:49","slug":"11-uluslararasi-turkiye-acik-taekwondo-turnuvasi-milli-takimi-temsil-edecek-sporcular","status":"publish","type":"post","link":"https:\/\/taekwondohaber.com\/index.php\/2024\/01\/28\/11-uluslararasi-turkiye-acik-taekwondo-turnuvasi-milli-takimi-temsil-edecek-sporcular\/","title":{"rendered":"11. Uluslararas\u0131 T\u00fcrkiye A\u00e7\u0131k Taekwondo Turnuvas\u0131 (Milli Tak\u0131m\u0131 Temsil Edecek Sporcular)"},"content":{"rendered":"<ol start=\"11\">\n<li>Uluslararas\u0131 T\u00fcrkiye A\u00e7\u0131k Taekwondo Turnuvas\u0131\u2019n\u0131n 08-14 \u015eubat 2024 tarihleri aras\u0131nda Antalya\u2019da d\u00fczenlenece\u011fi duyurulmu\u015ftu.<\/li>\n<\/ol>\n<p>17-21 Ocak 2024 tarihleri aras\u0131nda Mu\u011fla\u2019da d\u00fczenlenen B\u00fcy\u00fckler T\u00fcrkiye Taekwondo \u015eampiyonas\u0131\u2019nda ilk 4\u2019e giren sporcular Milli Tak\u0131m ad\u0131na turnuvaya kat\u0131lacaklard\u0131r. Sporculara ait kanuni harc\u0131rah, ula\u015f\u0131m (illerinden Antalya\u2019ya olan otob\u00fcs rayi\u00e7 bedeli), konaklama (2 gece), m\u00fcsabaka kayd\u0131, kat\u0131l\u0131m \u00fccreti ve WT lisans \u00fccreti Federasyonumuzca kar\u015f\u0131lanacakt\u0131r.<\/p>\n<p>\u00d6nemle duyurulur.<\/p>\n<p><strong><a href=\"https:\/\/turkiyetaekwondofed.gov.tr\/?p=12437\" data-type=\"URL\" data-id=\"https:\/\/turkiyetaekwondofed.gov.tr\/?p=12437\">11. Uluslararas\u0131 T\u00fcrkiye A\u00e7\u0131k Taekwondo Turnuvas\u0131 Genel Habere Ula\u015fmak \u0130\u00e7in T\u0131klay\u0131n\u0131z.<\/a><\/strong><\/p>\n","protected":false},"excerpt":{"rendered":"<p>Uluslararas\u0131 T\u00fcrkiye A\u00e7\u0131k Taekwondo Turnuvas\u0131\u2019n\u0131n 08-14 \u015eubat 2024 tarihleri aras\u0131nda Antalya\u2019da d\u00fczenlenece\u011fi duyurulmu\u015ftu. 17-21 Ocak 2024 tarihleri aras\u0131nda Mu\u011fla\u2019da d\u00fczenlenen B\u00fcy\u00fckler T\u00fcrkiye Taekwondo \u015eampiyonas\u0131\u2019nda ilk 4\u2019e giren sporcular Milli Tak\u0131m ad\u0131na turnuvaya kat\u0131lacaklard\u0131r. Sporculara ait kanuni harc\u0131rah, ula\u015f\u0131m (illerinden Antalya\u2019ya olan otob\u00fcs rayi\u00e7 bedeli), konaklama (2 gece), m\u00fcsabaka kayd\u0131, kat\u0131l\u0131m \u00fccreti ve WT lisans \u00fccreti [&hellip;]<\/p>\n","protected":false},"author":1,"featured_media":214,"comment_status":"open","ping_status":"open","sticky":false,"template":"","format":"standard","meta":{"footnotes":""},"categories":[4],"tags":[],"class_list":["post-213","post","type-post","status-publish","format-standard","has-post-thumbnail","hentry","category-ttf"],"_links":{"self":[{"href":"https:\/\/taekwondohaber.com\/index.php\/wp-json\/wp\/v2\/posts\/213","targetHints":{"allow":["GET"]}}],"collection":[{"href":"https:\/\/taekwondohaber.com\/index.php\/wp-json\/wp\/v2\/posts"}],"about":[{"href":"https:\/\/taekwondohaber.com\/index.php\/wp-json\/wp\/v2\/types\/post"}],"author":[{"embeddable":true,"href":"https:\/\/taekwondohaber.com\/index.php\/wp-json\/wp\/v2\/users\/1"}],"replies":[{"embeddable":true,"href":"https:\/\/taekwondohaber.com\/index.php\/wp-json\/wp\/v2\/comments?post=213"}],"version-history":[{"count":1,"href":"https:\/\/taekwondohaber.com\/index.php\/wp-json\/wp\/v2\/posts\/213\/revisions"}],"predecessor-version":[{"id":215,"href":"https:\/\/taekwondohaber.com\/index.php\/wp-json\/wp\/v2\/posts\/213\/revisions\/215"}],"wp:featuredmedia":[{"embeddable":true,"href":"https:\/\/taekwondohaber.com\/index.php\/wp-json\/wp\/v2\/media\/214"}],"wp:attachment":[{"href":"https:\/\/taekwondohaber.com\/index.php\/wp-json\/wp\/v2\/media?parent=213"}],"wp:term":[{"taxonomy":"category","embeddable":true,"href":"https:\/\/taekwondohaber.com\/index.php\/wp-json\/wp\/v2\/categories?post=213"},{"taxonomy":"post_tag","embeddable":true,"href":"https:\/\/taekwondohaber.com\/index.php\/wp-json\/wp\/v2\/tags?post=213"}],"curies":[{"name":"wp","href":"https:\/\/api.w.org\/{rel}","templated":true}]}}