{"id":237,"date":"2024-04-24T10:18:54","date_gmt":"2024-04-24T07:18:54","guid":{"rendered":"https:\/\/taekwondohaber.com\/?p=237"},"modified":"2024-04-24T10:18:54","modified_gmt":"2024-04-24T07:18:54","slug":"onemli-duyuru-siyah-kusak-ve-dan-sinavlari","status":"publish","type":"post","link":"https:\/\/taekwondohaber.com\/index.php\/2024\/04\/24\/onemli-duyuru-siyah-kusak-ve-dan-sinavlari\/","title":{"rendered":"\u00d6nemli Duyuru \u2013 Siyah Ku\u015fak ve Dan S\u0131navlar\u0131"},"content":{"rendered":"<p><strong>D\u00fcnya Taekwondo Federasyonu\u2019nun ve Kukkiwon Poom\/Dan S\u0131nav Y\u00f6netmeli\u011finin, \u00fclkelerle yap\u0131lacak olan uyum \u00e7al\u0131\u015fmas\u0131 neticesinde \u00fclkemizde yap\u0131lacak Poom\/Dan S\u0131navlar\u0131 bu y\u00f6netmeli\u011fe uygun olarak uygulamal\u0131 ger\u00e7ekle\u015ftirilecektir.<\/strong><\/p>\n<p>-05-06 Temmuz 2024 tarihlerinde 1.Poom-1.Dan\/2.Poom-2.Dan\/3.Poom-3.Dan\/4.Dan ve 5. Dan Siyah Ku\u015fak s\u0131navlar\u0131;<\/p>\n<p>-07 Temmuz 2024 tarihinde ise 6. Dan ve 7. Dan S\u0131navlar\u0131 yap\u0131lacakt\u0131r.<\/p>\n<p>S\u0131nav yap\u0131lacak iller daha sonra duyurulacakt\u0131r.<\/p>\n<p>*S\u0131nava ba\u015fvurusu kabul edilmeyecekler:<\/p>\n<ol type=\"1\">\n<li>Disiplin cezas\u0131 alm\u0131\u015f ve s\u00fcresi ge\u00e7memi\u015f olanlar<\/li>\n<li>Hamile kad\u0131nlar<\/li>\n<li>Yaral\u0131, a\u011f\u0131r hastalar ve bula\u015f\u0131c\u0131 enfeksiyon hastas\u0131 olanlar ile s\u0131nav tarihi s\u00fcresinde doktor raporu olanlar<\/li>\n<\/ol>\n<p>*S\u0131navda sorulacak Kukkiwon taraf\u0131ndan haz\u0131rlanan Poomsae\u00a0<strong>videolar\u0131<\/strong>\u00a0a\u015fa\u011f\u0131daki linklerden ula\u015f\u0131labilecektir.<\/p>\n<p><strong>POOMSAE V\u0130DEOLARI<\/strong><\/p>\n<p><a href=\"https:\/\/youtu.be\/WhkjRruCBTo?feature=shared\">POOMSAE TAEGEUK IL JANG (t\u0131klay\u0131n\u0131z)<\/a><\/p>\n<p><a href=\"https:\/\/youtu.be\/tGlrUplKHh8?feature=shared\">POOMSAE TAEGEUK I JANG (t\u0131klay\u0131n\u0131z)<\/a><\/p>\n<p><a href=\"https:\/\/youtu.be\/ksSqKt0UkWo?feature=shared\">POOMSAE TAEGEUK SAM JANG (t\u0131klay\u0131n\u0131z)<\/a><\/p>\n<p><a href=\"https:\/\/youtu.be\/Lt917gacJho?feature=shared\">POOMSAE TAEGEUK SA JANG (t\u0131klay\u0131n\u0131z)<\/a><\/p>\n<p><a href=\"https:\/\/youtu.be\/VdqNEAHWCBM?feature=shared\">POOMSAE TAEGEUK O JANG (t\u0131klay\u0131n\u0131z<\/a><\/p>\n<p><a href=\"https:\/\/youtu.be\/jcBwWo4wN7c?feature=shared\">POOMSAE TAEGEUK YUK JANG (t\u0131klay\u0131n\u0131z)<\/a><\/p>\n<p><a href=\"https:\/\/youtu.be\/6FUM1p6qqhQ?feature=shared\">POOMSAE TAEGEUK CHIL JANG (t\u0131klay\u0131n\u0131z)<\/a><\/p>\n<p><a href=\"https:\/\/youtu.be\/Gr_Je2ZkgkI?feature=shared\">POOMSAE TAEGEUK PAL JANG (t\u0131klay\u0131n\u0131z)<\/a><\/p>\n<p><a href=\"https:\/\/youtu.be\/mGa60JDtWmg?feature=shared\">POOMSAE KORYO (t\u0131klay\u0131n\u0131z)<\/a><\/p>\n<p><a href=\"https:\/\/youtu.be\/CRGVSOmaQaY?feature=shared\">POOMSAE KEUMGANG (t\u0131klay\u0131n\u0131z)<\/a><\/p>\n<p><a href=\"https:\/\/youtu.be\/Q4dYdFRbE4U?feature=shared\">POOMSAE TAEBEK (t\u0131klay\u0131n\u0131z)<\/a><\/p>\n<p><a href=\"https:\/\/youtu.be\/RB-7mBtvtZw?feature=shared\">POOMSAE PYEONGWON (t\u0131klay\u0131n\u0131z)<\/a><\/p>\n<p><a href=\"https:\/\/youtu.be\/nur2WsN7dQw?feature=shared\">POOMSAE JITAE (t\u0131klay\u0131n\u0131z)<\/a><\/p>\n<p><a href=\"https:\/\/youtu.be\/FBxCzK5c4bE?feature=shared\">POOMSAE CHONKWON (t\u0131klay\u0131n\u0131z)<\/a><\/p>\n","protected":false},"excerpt":{"rendered":"<p>D\u00fcnya Taekwondo Federasyonu\u2019nun ve Kukkiwon Poom\/Dan S\u0131nav Y\u00f6netmeli\u011finin, \u00fclkelerle yap\u0131lacak olan uyum \u00e7al\u0131\u015fmas\u0131 neticesinde \u00fclkemizde yap\u0131lacak Poom\/Dan S\u0131navlar\u0131 bu y\u00f6netmeli\u011fe uygun olarak uygulamal\u0131 ger\u00e7ekle\u015ftirilecektir. -05-06 Temmuz 2024 tarihlerinde 1.Poom-1.Dan\/2.Poom-2.Dan\/3.Poom-3.Dan\/4.Dan ve 5. Dan Siyah Ku\u015fak s\u0131navlar\u0131; -07 Temmuz 2024 tarihinde ise 6. Dan ve 7. Dan S\u0131navlar\u0131 yap\u0131lacakt\u0131r. S\u0131nav yap\u0131lacak iller daha sonra duyurulacakt\u0131r. *S\u0131nava ba\u015fvurusu [&hellip;]<\/p>\n","protected":false},"author":1,"featured_media":238,"comment_status":"open","ping_status":"open","sticky":false,"template":"","format":"standard","meta":{"footnotes":""},"categories":[1],"tags":[],"class_list":["post-237","post","type-post","status-publish","format-standard","has-post-thumbnail","hentry","category-genel"],"_links":{"self":[{"href":"https:\/\/taekwondohaber.com\/index.php\/wp-json\/wp\/v2\/posts\/237","targetHints":{"allow":["GET"]}}],"collection":[{"href":"https:\/\/taekwondohaber.com\/index.php\/wp-json\/wp\/v2\/posts"}],"about":[{"href":"https:\/\/taekwondohaber.com\/index.php\/wp-json\/wp\/v2\/types\/post"}],"author":[{"embeddable":true,"href":"https:\/\/taekwondohaber.com\/index.php\/wp-json\/wp\/v2\/users\/1"}],"replies":[{"embeddable":true,"href":"https:\/\/taekwondohaber.com\/index.php\/wp-json\/wp\/v2\/comments?post=237"}],"version-history":[{"count":1,"href":"https:\/\/taekwondohaber.com\/index.php\/wp-json\/wp\/v2\/posts\/237\/revisions"}],"predecessor-version":[{"id":239,"href":"https:\/\/taekwondohaber.com\/index.php\/wp-json\/wp\/v2\/posts\/237\/revisions\/239"}],"wp:featuredmedia":[{"embeddable":true,"href":"https:\/\/taekwondohaber.com\/index.php\/wp-json\/wp\/v2\/media\/238"}],"wp:attachment":[{"href":"https:\/\/taekwondohaber.com\/index.php\/wp-json\/wp\/v2\/media?parent=237"}],"wp:term":[{"taxonomy":"category","embeddable":true,"href":"https:\/\/taekwondohaber.com\/index.php\/wp-json\/wp\/v2\/categories?post=237"},{"taxonomy":"post_tag","embeddable":true,"href":"https:\/\/taekwondohaber.com\/index.php\/wp-json\/wp\/v2\/tags?post=237"}],"curies":[{"name":"wp","href":"https:\/\/api.w.org\/{rel}","templated":true}]}}