{"id":245,"date":"2024-07-11T11:52:01","date_gmt":"2024-07-11T08:52:01","guid":{"rendered":"https:\/\/taekwondohaber.com\/?p=245"},"modified":"2024-07-11T11:52:01","modified_gmt":"2024-07-11T08:52:01","slug":"aday-hakem-kursu-sonuclari-igdir-2024","status":"publish","type":"post","link":"https:\/\/taekwondohaber.com\/index.php\/2024\/07\/11\/aday-hakem-kursu-sonuclari-igdir-2024\/","title":{"rendered":"Aday Hakem Kursu Sonu\u00e7lar\u0131 (I\u011fd\u0131r 2024)"},"content":{"rendered":"<p>27-30 Haziran 2024 tarihleri aras\u0131nda I\u011fd\u0131r\u2019da yap\u0131lan Aday Hakem Kursu\u2019nda ba\u015far\u0131l\u0131 olan kursiyerlerin tescilleri Merkez Hakem Kurulu\u2019nun 01 Temmuz 2024 tarih ve 14 say\u0131l\u0131 karar\u0131yla onaylanarak a\u00e7\u0131kland\u0131.<\/p>\n<p>1 AHMET GEN\u00c7 VAN<br \/>\n2 BERF\u0130N SEFERO\u011eLU \u0130ZM\u0130R<br \/>\n3 B\u00dcLENT GOSTOK A\u011eRI<br \/>\n4 DEVR\u0130M IRSAVA I\u011eDIR<br \/>\n5 DO\u011eAN KO\u00c7 I\u011eDIR<br \/>\n6 DURSUN \u0130NAN VAN<br \/>\n7 EBUBEK\u0130R TURAN I\u011eDIR<br \/>\n8 EMRE G\u00dcZELNARG\u00dcN I\u011eDIR<br \/>\n9 EMRE \u00d6ZCAN KARS<br \/>\n10 FEVZ\u0130 \u00c7AKIR I\u011eDIR<br \/>\n11 HAL\u0130SE ERTAN KARS<br \/>\n12 HEL\u0130N YA\u011eMUR BAY\u0130R VAN<br \/>\n13 H\u00dcSEY\u0130N YANAR I\u011eDIR<br \/>\n14 KADR\u0130YE D\u00dcNDAR KARS<br \/>\n15 MERAL \u00c7ANKAYA ELAZI\u011e<br \/>\n16 MUHAMMED \u0130RFAN ERTO\u015e VAN<br \/>\n17 NAZLI B\u0130NER VAN<br \/>\n18 \u00d6MER FARUK \u00c7AKIR I\u011eDIR<br \/>\n19 RAB\u0130A EK\u0130NC\u0130 VAN<br \/>\n20 SAL\u0130HA G\u00dcL C\u0130M\u015e\u0130T KARS<br \/>\n21 SEHER YAMAN I\u011eDIR<br \/>\n22 S\u0130BEL \u00c7AKAN VAN<br \/>\n23 \u015eEF\u0130KA KAPLAN \u0130ZM\u0130R<br \/>\n24 YAS\u0130N TA\u015eTAN I\u011eDIR<br \/>\n25 YUNUS EMRE TA\u015eDEM\u0130R A\u011eRI<br \/>\n26 YUSUF BAVL\u0130 A\u011eRI<br \/>\n27 YUSUF HAMZA \u00d6RS I\u011eDIR<br \/>\n28 ZEYNEP EMEK VAN<\/p>\n","protected":false},"excerpt":{"rendered":"<p>27-30 Haziran 2024 tarihleri aras\u0131nda I\u011fd\u0131r\u2019da yap\u0131lan Aday Hakem Kursu\u2019nda ba\u015far\u0131l\u0131 olan kursiyerlerin tescilleri Merkez Hakem Kurulu\u2019nun 01 Temmuz 2024 tarih ve 14 say\u0131l\u0131 karar\u0131yla onaylanarak a\u00e7\u0131kland\u0131. 1 AHMET GEN\u00c7 VAN 2 BERF\u0130N SEFERO\u011eLU \u0130ZM\u0130R 3 B\u00dcLENT GOSTOK A\u011eRI 4 DEVR\u0130M IRSAVA I\u011eDIR 5 DO\u011eAN KO\u00c7 I\u011eDIR 6 DURSUN \u0130NAN VAN 7 EBUBEK\u0130R TURAN I\u011eDIR [&hellip;]<\/p>\n","protected":false},"author":1,"featured_media":0,"comment_status":"open","ping_status":"open","sticky":false,"template":"","format":"standard","meta":{"footnotes":""},"categories":[1],"tags":[],"class_list":["post-245","post","type-post","status-publish","format-standard","hentry","category-genel"],"_links":{"self":[{"href":"https:\/\/taekwondohaber.com\/index.php\/wp-json\/wp\/v2\/posts\/245","targetHints":{"allow":["GET"]}}],"collection":[{"href":"https:\/\/taekwondohaber.com\/index.php\/wp-json\/wp\/v2\/posts"}],"about":[{"href":"https:\/\/taekwondohaber.com\/index.php\/wp-json\/wp\/v2\/types\/post"}],"author":[{"embeddable":true,"href":"https:\/\/taekwondohaber.com\/index.php\/wp-json\/wp\/v2\/users\/1"}],"replies":[{"embeddable":true,"href":"https:\/\/taekwondohaber.com\/index.php\/wp-json\/wp\/v2\/comments?post=245"}],"version-history":[{"count":1,"href":"https:\/\/taekwondohaber.com\/index.php\/wp-json\/wp\/v2\/posts\/245\/revisions"}],"predecessor-version":[{"id":247,"href":"https:\/\/taekwondohaber.com\/index.php\/wp-json\/wp\/v2\/posts\/245\/revisions\/247"}],"wp:attachment":[{"href":"https:\/\/taekwondohaber.com\/index.php\/wp-json\/wp\/v2\/media?parent=245"}],"wp:term":[{"taxonomy":"category","embeddable":true,"href":"https:\/\/taekwondohaber.com\/index.php\/wp-json\/wp\/v2\/categories?post=245"},{"taxonomy":"post_tag","embeddable":true,"href":"https:\/\/taekwondohaber.com\/index.php\/wp-json\/wp\/v2\/tags?post=245"}],"curies":[{"name":"wp","href":"https:\/\/api.w.org\/{rel}","templated":true}]}}