{"id":252,"date":"2024-07-11T11:53:56","date_gmt":"2024-07-11T08:53:56","guid":{"rendered":"https:\/\/taekwondohaber.com\/?p=252"},"modified":"2024-07-11T11:53:56","modified_gmt":"2024-07-11T08:53:56","slug":"2024-avrupa-taekwondo-ve-para-taekwondo-sampiyonasi-avrupa-sampiyonuyuz","status":"publish","type":"post","link":"https:\/\/taekwondohaber.com\/index.php\/2024\/07\/11\/2024-avrupa-taekwondo-ve-para-taekwondo-sampiyonasi-avrupa-sampiyonuyuz\/","title":{"rendered":"2024 Avrupa Taekwondo ve Para Taekwondo \u015eampiyonas\u0131 (AVRUPA \u015eAMP\u0130YONUYUZ)"},"content":{"rendered":"<p>T\u00fcrkiye, toplam 16 madalya kazand\u0131\u011f\u0131 Avrupa Taekwondo ve Para Taekwondo \u015eampiyonas\u0131\u2019n\u0131 genel s\u0131ralamada zirvede tamamlad\u0131. T\u00fcrkiye, Avrupa \u015fampiyonalar\u0131nda \u00fcst \u00fcste ikinci kez tak\u0131m halinde k\u00fcrs\u00fcn\u00fcn en \u00fcstt basama\u011f\u0131na \u00e7\u0131kt\u0131.<\/p>\n<p>S\u0131rbistan\u2019\u0131n ba\u015fkenti Belgrad\u2019da 40\u2019\u0131 a\u015fk\u0131n \u00fclkeden 520 civar\u0131nda sporcunun kat\u0131l\u0131m\u0131yla d\u00fczenlenen \u015fampiyonada 16 taekwondo ve 19 para taekwondocuyla temsil edilen T\u00fcrkiye, \u015fampiyonay\u0131 3 alt\u0131n, 9 g\u00fcm\u00fc\u015f ve 4 bronz olmak \u00fczere 16 madalya ile tamamlad\u0131. \u015eampiyonada taekwondocular\u0131m\u0131z 2 alt\u0131n, 5 g\u00fcm\u00fc\u015f ve 1 bronz, para taekwondocular\u0131m\u0131z ise 1 alt\u0131n, 4 g\u00fcm\u00fc\u015f, 3 bronz madalya elde etti.<\/p>\n<p>T\u00fcrkiye, bu sonu\u00e7larla 2022 y\u0131l\u0131nda yap\u0131lan son \u015fampiyonadan sonra yeniden tak\u0131m halinde Avrupa \u015fampiyonu oldu. Ay-y\u0131ld\u0131zl\u0131 milliler, taekwondoda kad\u0131nlarda tak\u0131m halinde ikinci, erkeklerde birinci s\u0131ray\u0131 al\u0131rken genel klasmanda zirveye \u00e7\u0131kt\u0131. Milli para taekwondocular\u0131m\u0131z da 2022\u2019den sonra yeniden tak\u0131m halinde Avrupa \u015fampiyonlu\u011funa ula\u015ft\u0131.<\/p>\n<p>T\u00fcrkiye, ilki 1976 y\u0131l\u0131nda yap\u0131lan ve 26\u2019nc\u0131s\u0131 d\u00fczenlenen Avrupa Taekwondo \u015eampiyonas\u0131\u2019nda 8\u2019nci kez tak\u0131m halinde \u015fampiyon olmay\u0131 ba\u015fard\u0131.<\/p>\n<p>Madalya kazanan sporcular \u015fu \u015fekilde:<\/p>\n<p><strong>-Taekwondo-<\/strong><\/p>\n<p><strong>Alt\u0131n:<\/strong>\u00a0Furkan Ubeyde \u00c7amo\u011flu (54kg),\u00a0 Enbiya Taha Bi\u00e7er (87kg)<\/p>\n<p><strong>G\u00fcm\u00fc\u015f:<\/strong>\u00a0Hakan Re\u00e7ber (63kg), Merve Din\u00e7el Kavurat (49kg), Zeynep Ta\u015fk\u0131n (53kg), Sude Yaren Uzun\u00e7avdar (73kg), Nafia Ku\u015f Ayd\u0131n (+73kg)<\/p>\n<p><strong>Bronz:<\/strong>\u00a0Emre Kutalm\u0131\u015f Ate\u015fli (+87kg)<\/p>\n<p><strong>-Para Taekwondo-<\/strong><\/p>\n<p><strong>Alt\u0131n:<\/strong>\u00a0Gamze G\u00fcrdal (K44 57kg)<\/p>\n<p><strong>G\u00fcm\u00fc\u015f:<\/strong>\u00a0Meryem Bet\u00fcl \u00c7avdar (K44 52kg), Ali Can \u00d6zcan (K44 58kg), Mahmut Bozteke (K44 63kg), Fatih \u00c7elik (K44 70kg)<\/p>\n<p><strong>Bronz:<\/strong>\u00a0Nurcihan Ekinci (K44 47kg),\u00a0 L\u00fctfiye \u00d6zda\u011f (K44 52kg), S\u00fcmeyye \u00d6zcan (K44 57kg)<\/p>\n<figure class=\"wp-block-gallery has-nested-images columns-default is-cropped wp-block-gallery-1 is-layout-flex\">\n<figure class=\"wp-block-image size-large\"><img loading=\"lazy\" decoding=\"async\" class=\"wp-image-13585 lazyloaded\" src=\"https:\/\/turkiyetaekwondofed.gov.tr\/wp-content\/uploads\/2024\/05\/1-7-1024x613.jpg\" sizes=\"auto, (min-width: 0px) and (max-width: 480px) 480px, (min-width: 481px) and (max-width: 980px) 980px, (min-width: 981px) 1024px, 100vw\" srcset=\"https:\/\/turkiyetaekwondofed.gov.tr\/wp-content\/uploads\/2024\/05\/1-7-980x587.jpg 980w, https:\/\/turkiyetaekwondofed.gov.tr\/wp-content\/uploads\/2024\/05\/1-7-480x287.jpg 480w\" alt=\"\" width=\"1024\" height=\"613\" data-id=\"13585\" data-ll-status=\"loaded\" \/><\/figure>\n<\/figure>\n<figure class=\"wp-block-gallery has-nested-images columns-default is-cropped wp-block-gallery-3 is-layout-flex\">\n<figure class=\"wp-block-image size-large\"><img loading=\"lazy\" decoding=\"async\" class=\"wp-image-13584 lazyloaded\" src=\"https:\/\/turkiyetaekwondofed.gov.tr\/wp-content\/uploads\/2024\/05\/2-7-1024x889.jpg\" sizes=\"auto, (min-width: 0px) and (max-width: 480px) 480px, (min-width: 481px) and (max-width: 980px) 980px, (min-width: 981px) 1024px, 100vw\" srcset=\"https:\/\/turkiyetaekwondofed.gov.tr\/wp-content\/uploads\/2024\/05\/2-7-980x851.jpg 980w, https:\/\/turkiyetaekwondofed.gov.tr\/wp-content\/uploads\/2024\/05\/2-7-480x417.jpg 480w\" alt=\"\" width=\"1024\" height=\"889\" data-id=\"13584\" data-ll-status=\"loaded\" \/><\/figure>\n<figure class=\"wp-block-image size-large\"><img loading=\"lazy\" decoding=\"async\" class=\"wp-image-13578 lazyloaded\" src=\"https:\/\/turkiyetaekwondofed.gov.tr\/wp-content\/uploads\/2024\/05\/3-1-1024x683.jpeg\" sizes=\"auto, (min-width: 0px) and (max-width: 480px) 480px, (min-width: 481px) and (max-width: 980px) 980px, (min-width: 981px) 1024px, 100vw\" srcset=\"https:\/\/turkiyetaekwondofed.gov.tr\/wp-content\/uploads\/2024\/05\/3-1-980x653.jpeg 980w, https:\/\/turkiyetaekwondofed.gov.tr\/wp-content\/uploads\/2024\/05\/3-1-480x320.jpeg 480w\" alt=\"\" width=\"1024\" height=\"683\" data-id=\"13578\" data-ll-status=\"loaded\" \/><\/figure>\n<figure class=\"wp-block-image size-large\"><img loading=\"lazy\" decoding=\"async\" class=\"wp-image-13582 lazyloaded\" src=\"https:\/\/turkiyetaekwondofed.gov.tr\/wp-content\/uploads\/2024\/05\/4-1-1024x683.jpeg\" sizes=\"auto, (min-width: 0px) and (max-width: 480px) 480px, (min-width: 481px) and (max-width: 980px) 980px, (min-width: 981px) 1024px, 100vw\" srcset=\"https:\/\/turkiyetaekwondofed.gov.tr\/wp-content\/uploads\/2024\/05\/4-1-980x653.jpeg 980w, https:\/\/turkiyetaekwondofed.gov.tr\/wp-content\/uploads\/2024\/05\/4-1-480x320.jpeg 480w\" alt=\"\" width=\"1024\" height=\"683\" data-id=\"13582\" data-ll-status=\"loaded\" \/><\/figure>\n<figure class=\"wp-block-image size-large\"><img loading=\"lazy\" decoding=\"async\" class=\"wp-image-13579 lazyloaded\" src=\"https:\/\/turkiyetaekwondofed.gov.tr\/wp-content\/uploads\/2024\/05\/5-1-1024x683.jpeg\" sizes=\"auto, (min-width: 0px) and (max-width: 480px) 480px, (min-width: 481px) and (max-width: 980px) 980px, (min-width: 981px) 1024px, 100vw\" srcset=\"https:\/\/turkiyetaekwondofed.gov.tr\/wp-content\/uploads\/2024\/05\/5-1-980x653.jpeg 980w, https:\/\/turkiyetaekwondofed.gov.tr\/wp-content\/uploads\/2024\/05\/5-1-480x320.jpeg 480w\" alt=\"\" width=\"1024\" height=\"683\" data-id=\"13579\" data-ll-status=\"loaded\" \/><\/figure>\n<figure class=\"wp-block-image size-large\"><img loading=\"lazy\" decoding=\"async\" class=\"wp-image-13577 lazyloaded\" src=\"https:\/\/turkiyetaekwondofed.gov.tr\/wp-content\/uploads\/2024\/05\/6-1-1024x683.jpeg\" sizes=\"auto, (min-width: 0px) and (max-width: 480px) 480px, (min-width: 481px) and (max-width: 980px) 980px, (min-width: 981px) 1024px, 100vw\" srcset=\"https:\/\/turkiyetaekwondofed.gov.tr\/wp-content\/uploads\/2024\/05\/6-1-980x653.jpeg 980w, https:\/\/turkiyetaekwondofed.gov.tr\/wp-content\/uploads\/2024\/05\/6-1-480x320.jpeg 480w\" alt=\"\" width=\"1024\" height=\"683\" data-id=\"13577\" data-ll-status=\"loaded\" \/><\/figure>\n<figure class=\"wp-block-image size-large\"><img loading=\"lazy\" decoding=\"async\" class=\"wp-image-13580 lazyloaded\" src=\"https:\/\/turkiyetaekwondofed.gov.tr\/wp-content\/uploads\/2024\/05\/7-1-1024x683.jpeg\" sizes=\"auto, (min-width: 0px) and (max-width: 480px) 480px, (min-width: 481px) and (max-width: 980px) 980px, (min-width: 981px) 1024px, 100vw\" srcset=\"https:\/\/turkiyetaekwondofed.gov.tr\/wp-content\/uploads\/2024\/05\/7-1-980x653.jpeg 980w, https:\/\/turkiyetaekwondofed.gov.tr\/wp-content\/uploads\/2024\/05\/7-1-480x320.jpeg 480w\" alt=\"\" width=\"1024\" height=\"683\" data-id=\"13580\" data-ll-status=\"loaded\" \/><\/figure>\n<figure class=\"wp-block-image size-large\"><img loading=\"lazy\" decoding=\"async\" class=\"wp-image-13576 lazyloaded\" src=\"https:\/\/turkiyetaekwondofed.gov.tr\/wp-content\/uploads\/2024\/05\/8-1-1024x683.jpeg\" sizes=\"auto, (min-width: 0px) and (max-width: 480px) 480px, (min-width: 481px) and (max-width: 980px) 980px, (min-width: 981px) 1024px, 100vw\" srcset=\"https:\/\/turkiyetaekwondofed.gov.tr\/wp-content\/uploads\/2024\/05\/8-1-980x653.jpeg 980w, https:\/\/turkiyetaekwondofed.gov.tr\/wp-content\/uploads\/2024\/05\/8-1-480x320.jpeg 480w\" alt=\"\" width=\"1024\" height=\"683\" data-id=\"13576\" data-ll-status=\"loaded\" \/><\/figure>\n<figure class=\"wp-block-image size-large\"><img loading=\"lazy\" decoding=\"async\" class=\"wp-image-13581 lazyloaded\" src=\"https:\/\/turkiyetaekwondofed.gov.tr\/wp-content\/uploads\/2024\/05\/9-1024x683.jpeg\" sizes=\"auto, (min-width: 0px) and (max-width: 480px) 480px, (min-width: 481px) and (max-width: 980px) 980px, (min-width: 981px) 1024px, 100vw\" srcset=\"https:\/\/turkiyetaekwondofed.gov.tr\/wp-content\/uploads\/2024\/05\/9-980x653.jpeg 980w, https:\/\/turkiyetaekwondofed.gov.tr\/wp-content\/uploads\/2024\/05\/9-480x320.jpeg 480w\" alt=\"\" width=\"1024\" height=\"683\" data-id=\"13581\" data-ll-status=\"loaded\" \/><\/figure>\n<figure class=\"wp-block-image size-large\"><img loading=\"lazy\" decoding=\"async\" class=\"wp-image-13583 lazyloaded\" src=\"https:\/\/turkiyetaekwondofed.gov.tr\/wp-content\/uploads\/2024\/05\/10-683x1024.jpeg\" alt=\"\" width=\"683\" height=\"1024\" data-id=\"13583\" data-ll-status=\"loaded\" \/><\/figure>\n<\/figure>\n","protected":false},"excerpt":{"rendered":"<p>T\u00fcrkiye, toplam 16 madalya kazand\u0131\u011f\u0131 Avrupa Taekwondo ve Para Taekwondo \u015eampiyonas\u0131\u2019n\u0131 genel s\u0131ralamada zirvede tamamlad\u0131. T\u00fcrkiye, Avrupa \u015fampiyonalar\u0131nda \u00fcst \u00fcste ikinci kez tak\u0131m halinde k\u00fcrs\u00fcn\u00fcn en \u00fcstt basama\u011f\u0131na \u00e7\u0131kt\u0131. S\u0131rbistan\u2019\u0131n ba\u015fkenti Belgrad\u2019da 40\u2019\u0131 a\u015fk\u0131n \u00fclkeden 520 civar\u0131nda sporcunun kat\u0131l\u0131m\u0131yla d\u00fczenlenen \u015fampiyonada 16 taekwondo ve 19 para taekwondocuyla temsil edilen T\u00fcrkiye, \u015fampiyonay\u0131 3 alt\u0131n, 9 g\u00fcm\u00fc\u015f [&hellip;]<\/p>\n","protected":false},"author":1,"featured_media":253,"comment_status":"open","ping_status":"open","sticky":false,"template":"","format":"standard","meta":{"footnotes":""},"categories":[1],"tags":[],"class_list":["post-252","post","type-post","status-publish","format-standard","has-post-thumbnail","hentry","category-genel"],"_links":{"self":[{"href":"https:\/\/taekwondohaber.com\/index.php\/wp-json\/wp\/v2\/posts\/252","targetHints":{"allow":["GET"]}}],"collection":[{"href":"https:\/\/taekwondohaber.com\/index.php\/wp-json\/wp\/v2\/posts"}],"about":[{"href":"https:\/\/taekwondohaber.com\/index.php\/wp-json\/wp\/v2\/types\/post"}],"author":[{"embeddable":true,"href":"https:\/\/taekwondohaber.com\/index.php\/wp-json\/wp\/v2\/users\/1"}],"replies":[{"embeddable":true,"href":"https:\/\/taekwondohaber.com\/index.php\/wp-json\/wp\/v2\/comments?post=252"}],"version-history":[{"count":1,"href":"https:\/\/taekwondohaber.com\/index.php\/wp-json\/wp\/v2\/posts\/252\/revisions"}],"predecessor-version":[{"id":254,"href":"https:\/\/taekwondohaber.com\/index.php\/wp-json\/wp\/v2\/posts\/252\/revisions\/254"}],"wp:featuredmedia":[{"embeddable":true,"href":"https:\/\/taekwondohaber.com\/index.php\/wp-json\/wp\/v2\/media\/253"}],"wp:attachment":[{"href":"https:\/\/taekwondohaber.com\/index.php\/wp-json\/wp\/v2\/media?parent=252"}],"wp:term":[{"taxonomy":"category","embeddable":true,"href":"https:\/\/taekwondohaber.com\/index.php\/wp-json\/wp\/v2\/categories?post=252"},{"taxonomy":"post_tag","embeddable":true,"href":"https:\/\/taekwondohaber.com\/index.php\/wp-json\/wp\/v2\/tags?post=252"}],"curies":[{"name":"wp","href":"https:\/\/api.w.org\/{rel}","templated":true}]}}