{"id":318,"date":"2024-11-26T10:42:48","date_gmt":"2024-11-26T07:42:48","guid":{"rendered":"https:\/\/taekwondohaber.com\/?p=318"},"modified":"2024-11-26T10:42:48","modified_gmt":"2024-11-26T07:42:48","slug":"berhan-arslan-hocamiz-vefat-etti","status":"publish","type":"post","link":"https:\/\/taekwondohaber.com\/index.php\/2024\/11\/26\/berhan-arslan-hocamiz-vefat-etti\/","title":{"rendered":"Berhan Arslan hocam\u0131z vefat  etti"},"content":{"rendered":"<p>\u201cBerhan Arslan hocam\u0131z\u0131n vefat\u0131n\u0131 b\u00fcy\u00fck bir \u00fcz\u00fcnt\u00fcyle \u00f6\u011frenmi\u015f bulunuyoruz. Hocam\u0131za Allah\u2019tan rahmet, ailesine, sevenlerine ve t\u00fcm camiam\u0131za sab\u0131r diliyoruz. Mekan\u0131 cennet olsun.\u201d Mustafa \u00c7ay\u0131r<\/p>\n","protected":false},"excerpt":{"rendered":"<p>\u201cBerhan Arslan hocam\u0131z\u0131n vefat\u0131n\u0131 b\u00fcy\u00fck bir \u00fcz\u00fcnt\u00fcyle \u00f6\u011frenmi\u015f bulunuyoruz. Hocam\u0131za Allah\u2019tan rahmet, ailesine, sevenlerine ve t\u00fcm camiam\u0131za sab\u0131r diliyoruz. Mekan\u0131 cennet olsun.\u201d Mustafa \u00c7ay\u0131r<\/p>\n","protected":false},"author":1,"featured_media":319,"comment_status":"open","ping_status":"open","sticky":false,"template":"","format":"standard","meta":{"footnotes":""},"categories":[1],"tags":[],"class_list":["post-318","post","type-post","status-publish","format-standard","has-post-thumbnail","hentry","category-genel"],"_links":{"self":[{"href":"https:\/\/taekwondohaber.com\/index.php\/wp-json\/wp\/v2\/posts\/318","targetHints":{"allow":["GET"]}}],"collection":[{"href":"https:\/\/taekwondohaber.com\/index.php\/wp-json\/wp\/v2\/posts"}],"about":[{"href":"https:\/\/taekwondohaber.com\/index.php\/wp-json\/wp\/v2\/types\/post"}],"author":[{"embeddable":true,"href":"https:\/\/taekwondohaber.com\/index.php\/wp-json\/wp\/v2\/users\/1"}],"replies":[{"embeddable":true,"href":"https:\/\/taekwondohaber.com\/index.php\/wp-json\/wp\/v2\/comments?post=318"}],"version-history":[{"count":1,"href":"https:\/\/taekwondohaber.com\/index.php\/wp-json\/wp\/v2\/posts\/318\/revisions"}],"predecessor-version":[{"id":320,"href":"https:\/\/taekwondohaber.com\/index.php\/wp-json\/wp\/v2\/posts\/318\/revisions\/320"}],"wp:featuredmedia":[{"embeddable":true,"href":"https:\/\/taekwondohaber.com\/index.php\/wp-json\/wp\/v2\/media\/319"}],"wp:attachment":[{"href":"https:\/\/taekwondohaber.com\/index.php\/wp-json\/wp\/v2\/media?parent=318"}],"wp:term":[{"taxonomy":"category","embeddable":true,"href":"https:\/\/taekwondohaber.com\/index.php\/wp-json\/wp\/v2\/categories?post=318"},{"taxonomy":"post_tag","embeddable":true,"href":"https:\/\/taekwondohaber.com\/index.php\/wp-json\/wp\/v2\/tags?post=318"}],"curies":[{"name":"wp","href":"https:\/\/api.w.org\/{rel}","templated":true}]}}