{"id":327,"date":"2024-11-27T14:06:00","date_gmt":"2024-11-27T11:06:00","guid":{"rendered":"https:\/\/taekwondohaber.com\/?p=327"},"modified":"2024-11-27T14:06:00","modified_gmt":"2024-11-27T11:06:00","slug":"sampiyonlar-yurda-dondu","status":"publish","type":"post","link":"https:\/\/taekwondohaber.com\/index.php\/2024\/11\/27\/sampiyonlar-yurda-dondu\/","title":{"rendered":"\u015eampiyonlar Yurda D\u00f6nd\u00fc"},"content":{"rendered":"<p>Bosna Hersek\u2019in ba\u015fkenti Saraybosna\u2019da 20-23 Kas\u0131m tarihleri aras\u0131nda d\u00fczenlenen Avrupa \u00dcmitler Taekwondo \u015eampiyonas\u0131\u2019nda rekor madalya say\u0131s\u0131 ile t\u00fcm kategorilerde tak\u0131m halinde \u015fampiyon olan milli tak\u0131m\u0131m\u0131z yurda d\u00f6nd\u00fc.<\/p>\n<p>Avrupa \u00dcmitler Taekwondo \u015eampiyonas\u0131 Bosna Hersek\u2019in ba\u015fkenti Saraybosna\u2019da 20-23 Kas\u0131m tarihleri aras\u0131nda d\u00fczenlendi. T\u00fcrk Milli Tak\u0131m\u0131, \u015fampiyonada t\u00fcm kategorilerde tak\u0131m halinde \u015fampiyon oldu. Ay-y\u0131ld\u0131zl\u0131lar, 4 g\u00fcn s\u00fcren \u015fampiyonay\u0131, 9 alt\u0131n, 1 g\u00fcm\u00fc\u015f ve 6 bronz olmak \u00fczere toplam 16 madalya ile tamamlad\u0131. Milliler, \u015fampiyona tarihindeki en ba\u015far\u0131l\u0131 sonuca imza att\u0131. \u015eampiyon olan T\u00fcrk Milli Tak\u0131m\u0131 kafilesi Bosna Hersek\u2019in ba\u015fkenti Saraybosna\u2019dan kalkan T\u00fcrk Hava Yollar\u0131\u2019na (THY) ait tarifeli u\u00e7akla \u0130stanbul\u2019 a geldi. \u0130stanbul Havaliman\u0131\u2019nda milli tak\u0131m kafilesini \u0130stanbul Havaliman\u0131\u2019nda T\u00fcrkiye Taekwondo Federasyonu Y\u00f6netim Kurulu \u00dcyeleri Bekir Karaman ve Ayd\u0131n S\u00fcha, Gen\u00e7lik Spor \u0130l M\u00fcd\u00fcrl\u00fc\u011f\u00fc yetkilileri, Taekwondo Federasyonu \u0130stanbul \u0130l Temsilcisi Ahmet \u00c7orum\u2019un yan\u0131 s\u0131ra milli sporcular\u0131n antren\u00f6rler ile aileleri \u00e7i\u00e7ek ve pankartlarla kar\u015f\u0131lad\u0131.<\/p>\n<p>\u201c2028 Olimpiyatlar\u0131\u2019n\u0131n sporcular\u0131 in\u015fallah bu \u015fampiyon tak\u0131mdan \u00e7\u0131kacak\u2019\u2019<\/p>\n<p>T\u00fcrkiye Taekwondo Federasyonu Ba\u015fkan\u0131 Bahri Tanr\u0131kulu, \u00e7\u0131k\u0131\u015f\u0131n ard\u0131ndan havaliman\u0131nda a\u00e7\u0131klamalarda bulundu. Son yap\u0131lan federasyon se\u00e7iminde ba\u015fkan oldu\u011funu ve bu \u015fampiyonlukla birlikte \u00e7ifte mutluluk ya\u015fad\u0131\u011f\u0131n\u0131 belirterek s\u00f6zlerine ba\u015flayan Ba\u015fkan Tanr\u0131kulu gururlu olduklar\u0131n\u0131 dile getirdi.<\/p>\n<p>Tanr\u0131kulu, \u201c\u00c7ok mutluyuz ve gururluyuz. Yakla\u015f\u0131k 1 ay \u00f6nce federasyon se\u00e7imlerini kazanarak yeni ba\u015fkan oldum. Bu benim i\u00e7in de ayr\u0131 bir mutluluk ve gurur. Bu k\u0131sa zaman i\u00e7erisinde tak\u0131m\u0131 toparlad\u0131k. Hemen kamp\u0131m\u0131z\u0131 d\u00fczenledik. Yakla\u015f\u0131k 10 g\u00fcn \u00f6nce de Y\u0131ld\u0131zlar Avrupa \u015fampiyonu olduk. Hemen bir hafta sonras\u0131nda \u00dcmitler Avrupa \u015eampiyonas\u0131 bizim i\u00e7in \u00e7ok \u00f6nemliydi. \u00c7\u00fcnk\u00fc 2028\u2019in \u015fampiyon sporcular\u0131 in\u015fallah olimpiyat \u015fampiyonu sporcular\u0131 bu kadrolardan \u00e7\u0131kacak. Buna \u00e7ok \u00f6nem veriyoruz. \u00c7ok geni\u015f bir kadroyla kat\u0131ld\u0131k. Turnuva i\u00e7in 10 g\u00fcnl\u00fck bir kamp d\u00f6nemi ge\u00e7irdiler daha sonras\u0131nda haz\u0131rl\u0131k yapt\u0131lar. Antren\u00f6r arkada\u015flar\u0131m\u0131z istekli ve arzululard\u0131. Onlar\u0131n iste\u011fi arzusunun birlikteli\u011fi tak\u0131m\u0131n b\u00fct\u00fcnl\u00fc\u011f\u00fcne bu b\u00fcy\u00fck ba\u015far\u0131y\u0131 getirdi. 9 alt\u0131n madalya, 1 g\u00fcm\u00fc\u015f 6\u2019da bronz madalya kazand\u0131k. \u00c7ok b\u00fcy\u00fck bir ba\u015far\u0131. B\u00fct\u00fcn tak\u0131m\u0131 tebrik ediyorum. Sporcu karde\u015flerim tebrik ediyorum. Onlarla gurur duyduk. Sporcular\u0131m\u0131z\u0131 yeti\u015ftiren, kendi antren\u00f6rlerine, kul\u00fcplerine \u00e7ok \u00e7ok te\u015fekk\u00fcr ediyorum. Tabii bu k\u0131sa s\u00fcre i\u00e7erisinde bize her t\u00fcrl\u00fc imkan\u0131 sunan Spor Bakanl\u0131\u011f\u0131m\u0131za, Say\u0131n Bakan\u0131m\u0131z Osman A\u015fk\u0131n Bak\u2019a, Bakan Yard\u0131mc\u0131m\u0131z Say\u0131n Hamza Yerlikaya\u2019ya, Genel M\u00fcd\u00fcr\u00fcm\u00fcz Say\u0131n Veli Ozan \u00c7ak\u0131r\u2019a \u00e7ok \u00e7ok te\u015fekk\u00fcr ediyorum\u201d diye konu\u015ftu.<\/p>\n<p>&nbsp;<\/p>\n<figure class=\"wp-block-gallery has-nested-images columns-default is-cropped wp-block-gallery-1 is-layout-flex\">\n<figure class=\"wp-block-image size-large\"><img loading=\"lazy\" decoding=\"async\" class=\"wp-image-15648 lazyloaded\" src=\"https:\/\/turkiyetaekwondofed.gov.tr\/wp-content\/uploads\/2024\/11\/112-1024x683.png\" sizes=\"auto, (min-width: 0px) and (max-width: 480px) 480px, (min-width: 481px) and (max-width: 980px) 980px, (min-width: 981px) 1024px, 100vw\" srcset=\"https:\/\/turkiyetaekwondofed.gov.tr\/wp-content\/uploads\/2024\/11\/112-1024x683.png 1024w, https:\/\/turkiyetaekwondofed.gov.tr\/wp-content\/uploads\/2024\/11\/112-980x654.png 980w, https:\/\/turkiyetaekwondofed.gov.tr\/wp-content\/uploads\/2024\/11\/112-480x320.png 480w\" alt=\"\" width=\"1024\" height=\"683\" data-id=\"15648\" data-ll-status=\"loaded\" \/><\/figure>\n<figure class=\"wp-block-image size-large\"><img loading=\"lazy\" decoding=\"async\" class=\"wp-image-15647 lazyloaded\" src=\"https:\/\/turkiyetaekwondofed.gov.tr\/wp-content\/uploads\/2024\/11\/113-1024x683.png\" sizes=\"auto, (min-width: 0px) and (max-width: 480px) 480px, (min-width: 481px) and (max-width: 980px) 980px, (min-width: 981px) 1024px, 100vw\" srcset=\"https:\/\/turkiyetaekwondofed.gov.tr\/wp-content\/uploads\/2024\/11\/113-1024x683.png 1024w, https:\/\/turkiyetaekwondofed.gov.tr\/wp-content\/uploads\/2024\/11\/113-980x654.png 980w, https:\/\/turkiyetaekwondofed.gov.tr\/wp-content\/uploads\/2024\/11\/113-480x320.png 480w\" alt=\"\" width=\"1024\" height=\"683\" data-id=\"15647\" data-ll-status=\"loaded\" \/><\/figure>\n<figure class=\"wp-block-image size-large\"><img loading=\"lazy\" decoding=\"async\" class=\"wp-image-15646 lazyloaded\" src=\"https:\/\/turkiyetaekwondofed.gov.tr\/wp-content\/uploads\/2024\/11\/114.png\" sizes=\"auto, (min-width: 0px) and (max-width: 480px) 480px, (min-width: 481px) and (max-width: 980px) 980px, (min-width: 981px) 1025px, 100vw\" srcset=\"https:\/\/turkiyetaekwondofed.gov.tr\/wp-content\/uploads\/2024\/11\/114.png 1025w, https:\/\/turkiyetaekwondofed.gov.tr\/wp-content\/uploads\/2024\/11\/114-980x654.png 980w, https:\/\/turkiyetaekwondofed.gov.tr\/wp-content\/uploads\/2024\/11\/114-480x320.png 480w\" alt=\"\" width=\"1025\" height=\"684\" data-id=\"15646\" data-ll-status=\"loaded\" \/><\/figure>\n<\/figure>\n","protected":false},"excerpt":{"rendered":"<p>Bosna Hersek\u2019in ba\u015fkenti Saraybosna\u2019da 20-23 Kas\u0131m tarihleri aras\u0131nda d\u00fczenlenen Avrupa \u00dcmitler Taekwondo \u015eampiyonas\u0131\u2019nda rekor madalya say\u0131s\u0131 ile t\u00fcm kategorilerde tak\u0131m halinde \u015fampiyon olan milli tak\u0131m\u0131m\u0131z yurda d\u00f6nd\u00fc. Avrupa \u00dcmitler Taekwondo \u015eampiyonas\u0131 Bosna Hersek\u2019in ba\u015fkenti Saraybosna\u2019da 20-23 Kas\u0131m tarihleri aras\u0131nda d\u00fczenlendi. T\u00fcrk Milli Tak\u0131m\u0131, \u015fampiyonada t\u00fcm kategorilerde tak\u0131m halinde \u015fampiyon oldu. Ay-y\u0131ld\u0131zl\u0131lar, 4 g\u00fcn s\u00fcren \u015fampiyonay\u0131, [&hellip;]<\/p>\n","protected":false},"author":1,"featured_media":328,"comment_status":"open","ping_status":"open","sticky":false,"template":"","format":"standard","meta":{"footnotes":""},"categories":[1],"tags":[],"class_list":["post-327","post","type-post","status-publish","format-standard","has-post-thumbnail","hentry","category-genel"],"_links":{"self":[{"href":"https:\/\/taekwondohaber.com\/index.php\/wp-json\/wp\/v2\/posts\/327","targetHints":{"allow":["GET"]}}],"collection":[{"href":"https:\/\/taekwondohaber.com\/index.php\/wp-json\/wp\/v2\/posts"}],"about":[{"href":"https:\/\/taekwondohaber.com\/index.php\/wp-json\/wp\/v2\/types\/post"}],"author":[{"embeddable":true,"href":"https:\/\/taekwondohaber.com\/index.php\/wp-json\/wp\/v2\/users\/1"}],"replies":[{"embeddable":true,"href":"https:\/\/taekwondohaber.com\/index.php\/wp-json\/wp\/v2\/comments?post=327"}],"version-history":[{"count":1,"href":"https:\/\/taekwondohaber.com\/index.php\/wp-json\/wp\/v2\/posts\/327\/revisions"}],"predecessor-version":[{"id":329,"href":"https:\/\/taekwondohaber.com\/index.php\/wp-json\/wp\/v2\/posts\/327\/revisions\/329"}],"wp:featuredmedia":[{"embeddable":true,"href":"https:\/\/taekwondohaber.com\/index.php\/wp-json\/wp\/v2\/media\/328"}],"wp:attachment":[{"href":"https:\/\/taekwondohaber.com\/index.php\/wp-json\/wp\/v2\/media?parent=327"}],"wp:term":[{"taxonomy":"category","embeddable":true,"href":"https:\/\/taekwondohaber.com\/index.php\/wp-json\/wp\/v2\/categories?post=327"},{"taxonomy":"post_tag","embeddable":true,"href":"https:\/\/taekwondohaber.com\/index.php\/wp-json\/wp\/v2\/tags?post=327"}],"curies":[{"name":"wp","href":"https:\/\/api.w.org\/{rel}","templated":true}]}}