{"id":341,"date":"2025-01-27T23:02:50","date_gmt":"2025-01-27T20:02:50","guid":{"rendered":"https:\/\/taekwondohaber.com\/?p=341"},"modified":"2025-01-27T23:02:50","modified_gmt":"2025-01-27T20:02:50","slug":"turkiye-para-poomsae-sampiyonasi-siniflandirma-duyurusu","status":"publish","type":"post","link":"https:\/\/taekwondohaber.com\/index.php\/2025\/01\/27\/turkiye-para-poomsae-sampiyonasi-siniflandirma-duyurusu\/","title":{"rendered":"T\u00fcrkiye Para Poomsae \u015eampiyonas\u0131 S\u0131n\u0131fland\u0131rma Duyurusu"},"content":{"rendered":"<p>Federasyonumuz 2025 y\u0131l\u0131 faaliyet takviminde yer alan T\u00fcrkiye Para Poomsae Taekwondo \u015eampiyonas\u0131 13 Ocak 2025 tarihinde Ankara\u2019da yap\u0131lacakt\u0131r.<\/p>\n<p>S\u00f6z konusu \u015fampiyonaya kat\u0131lacak sporcular\u0131m\u0131z\u0131n Para Taekwondo kurallar\u0131 gere\u011fince \u2018Teknik s\u0131n\u0131fland\u0131rma\u2019 sonucunda yar\u0131\u015fmalar\u0131 gerekmektedir.<\/p>\n<p>Teknik s\u0131n\u0131fland\u0131rmaya girecek sporcular\u0131n a\u015fa\u011f\u0131da belirtilen sa\u011fl\u0131k raporlar\u0131n\u0131 yanlar\u0131nda getirmeleri zorunludur.<\/p>\n<p><strong>Uluslararas\u0131 m\u00fcsabakalarda yar\u0131\u015facak sporcular\u0131n ulusal \u015fampiyonalarda yap\u0131lacak s\u0131n\u0131fland\u0131rmalarda sonu\u00e7lar\u0131na bak\u0131lmaks\u0131z\u0131n, D\u00fcnya Taekwondo Federasyonu taraf\u0131ndan yap\u0131lacak Teknik s\u0131n\u0131fland\u0131rmaya tekrardan girmesi zorunludur. Ulusal \u015fampiyonalar \u00f6ncesi al\u0131nan s\u0131n\u0131fland\u0131rmalar, uluslararas\u0131 m\u00fcsabakalarda ge\u00e7erli olmayacak olup uluslararas\u0131 m\u00fcsabakalar \u00f6ncesinde yap\u0131lan s\u0131n\u0131fland\u0131rmalar kabul edilecektir.<\/strong><\/p>\n<p><strong>P20;<\/strong><\/p>\n<p>-Uyumlay\u0131c\u0131 davran\u0131\u015f ve zihinsel engelin ba\u015flang\u0131\u00e7 ya\u015f\u0131n\u0131 i\u00e7eren IQ testi (Psikolog taraf\u0131ndan yaz\u0131lmal\u0131d\u0131r)<\/p>\n<p>-Karyotip testi (Sadece Down Sendromlu Sporcular i\u00e7in)<\/p>\n<p>-Boyun r\u00f6ntgeni ve herhangi bir boyun dengesizli\u011fini g\u00f6steren i\u00e7in bir rapor (Sadece Down Sendromlu sporcular i\u00e7in)<\/p>\n","protected":false},"excerpt":{"rendered":"<p>Federasyonumuz 2025 y\u0131l\u0131 faaliyet takviminde yer alan T\u00fcrkiye Para Poomsae Taekwondo \u015eampiyonas\u0131 13 Ocak 2025 tarihinde Ankara\u2019da yap\u0131lacakt\u0131r. S\u00f6z konusu \u015fampiyonaya kat\u0131lacak sporcular\u0131m\u0131z\u0131n Para Taekwondo kurallar\u0131 gere\u011fince \u2018Teknik s\u0131n\u0131fland\u0131rma\u2019 sonucunda yar\u0131\u015fmalar\u0131 gerekmektedir. Teknik s\u0131n\u0131fland\u0131rmaya girecek sporcular\u0131n a\u015fa\u011f\u0131da belirtilen sa\u011fl\u0131k raporlar\u0131n\u0131 yanlar\u0131nda getirmeleri zorunludur. Uluslararas\u0131 m\u00fcsabakalarda yar\u0131\u015facak sporcular\u0131n ulusal \u015fampiyonalarda yap\u0131lacak s\u0131n\u0131fland\u0131rmalarda sonu\u00e7lar\u0131na bak\u0131lmaks\u0131z\u0131n, D\u00fcnya Taekwondo [&hellip;]<\/p>\n","protected":false},"author":1,"featured_media":342,"comment_status":"open","ping_status":"open","sticky":false,"template":"","format":"standard","meta":{"footnotes":""},"categories":[4],"tags":[],"class_list":["post-341","post","type-post","status-publish","format-standard","has-post-thumbnail","hentry","category-ttf"],"_links":{"self":[{"href":"https:\/\/taekwondohaber.com\/index.php\/wp-json\/wp\/v2\/posts\/341","targetHints":{"allow":["GET"]}}],"collection":[{"href":"https:\/\/taekwondohaber.com\/index.php\/wp-json\/wp\/v2\/posts"}],"about":[{"href":"https:\/\/taekwondohaber.com\/index.php\/wp-json\/wp\/v2\/types\/post"}],"author":[{"embeddable":true,"href":"https:\/\/taekwondohaber.com\/index.php\/wp-json\/wp\/v2\/users\/1"}],"replies":[{"embeddable":true,"href":"https:\/\/taekwondohaber.com\/index.php\/wp-json\/wp\/v2\/comments?post=341"}],"version-history":[{"count":1,"href":"https:\/\/taekwondohaber.com\/index.php\/wp-json\/wp\/v2\/posts\/341\/revisions"}],"predecessor-version":[{"id":343,"href":"https:\/\/taekwondohaber.com\/index.php\/wp-json\/wp\/v2\/posts\/341\/revisions\/343"}],"wp:featuredmedia":[{"embeddable":true,"href":"https:\/\/taekwondohaber.com\/index.php\/wp-json\/wp\/v2\/media\/342"}],"wp:attachment":[{"href":"https:\/\/taekwondohaber.com\/index.php\/wp-json\/wp\/v2\/media?parent=341"}],"wp:term":[{"taxonomy":"category","embeddable":true,"href":"https:\/\/taekwondohaber.com\/index.php\/wp-json\/wp\/v2\/categories?post=341"},{"taxonomy":"post_tag","embeddable":true,"href":"https:\/\/taekwondohaber.com\/index.php\/wp-json\/wp\/v2\/tags?post=341"}],"curies":[{"name":"wp","href":"https:\/\/api.w.org\/{rel}","templated":true}]}}