{"id":347,"date":"2025-01-27T23:04:58","date_gmt":"2025-01-27T20:04:58","guid":{"rendered":"https:\/\/taekwondohaber.com\/?p=347"},"modified":"2025-01-27T23:04:58","modified_gmt":"2025-01-27T20:04:58","slug":"2025-para-taekwondo-ve-para-poomsae-milli-takim-secme-kriterleri","status":"publish","type":"post","link":"https:\/\/taekwondohaber.com\/index.php\/2025\/01\/27\/2025-para-taekwondo-ve-para-poomsae-milli-takim-secme-kriterleri\/","title":{"rendered":"2025 Para Taekwondo ve Para Poomsae Milli Tak\u0131m Se\u00e7me Kriterleri"},"content":{"rendered":"<p>Federasyonumuz taraf\u0131ndan, 2025 y\u0131l\u0131nda yap\u0131lacak Avrupa ve D\u00fcnya Para Taekwondo \u015eampiyonalar\u0131 (Kyorugi &amp; Poomsae) i\u00e7in milli tak\u0131m se\u00e7me kriterlerini duyurdu. S\u00f6z konusu kriterler \u015fu \u015fekilde:<\/p>\n<p><strong><mark class=\"has-inline-color has-vivid-red-color\">KYORUG\u0130<\/mark><\/strong><\/p>\n<p><strong>1-<\/strong>\u00a02025 y\u0131l\u0131 Para Taekwondo Avrupa \u015eampiyonas\u0131\u2019na kat\u0131lacak sporcular a\u015fa\u011f\u0131da yaz\u0131l\u0131 iki (2) turnuva sonucunda belirlenecek olup, turnuvalarda derece yapan sporculara s\u0131ras\u0131yla a\u015fa\u011f\u0131daki tabloda yaz\u0131l\u0131 puanlar verilecektir.<\/p>\n<ol class=\"wp-block-list\">\n<li><\/li>\n<\/ol>\n<p><strong>\u00a0\u00a0\u00a0\u00a0\u00a0\u00a0\u00a0\u00a0 T\u00dcRK\u0130YE PARA TAEKWONDO \u015eAMP\u0130YONASI \/ OCAK \u00a0\u00a0\u00a0\u00a0\u00a0\u00a0\u00a0\u00a0\u00a0\u00a0<\/strong><\/p>\n<p>1. 20 puan<br \/>\n2. 12 puan<br \/>\n3. \u20607.2 puan<br \/>\n3. \u20607.2 puan<br \/>\n\u00c7eyrek Final 4.32<\/p>\n<p><strong>\u00a0\u00a0\u00a0\u00a0\u00a0\u00a0\u00a0 12. ULUSLARARASI T\u00dcRK\u0130YE A\u00c7IK TAEKWONDO TURNUVASI \/\u00a0<em>\u015eUBAT<\/em><\/strong><\/p>\n<p>1. 20 puan<br \/>\n2. 12 puan<br \/>\n3. \u20607.2 puan<br \/>\n3. \u20607.2 puan<br \/>\n\u00c7eyrek Final 4.32<\/p>\n<p><strong>2<\/strong>-T\u00fcrkiye \u015eampiyonas\u0131\u2019nda ilk d\u00f6rt (4) dereceyi elde eden sporcular ve Paralimpik Tak\u0131mda yer alan sporcular, 12. Uluslararas\u0131 T\u00fcrkiye A\u00e7\u0131k Taekwondo Turnuvas\u0131\u2019nda Milli Tak\u0131m ad\u0131na yer alacaklard\u0131r.<\/p>\n<p><strong>3<\/strong>-T\u00fcrkiye \u015eampiyonas\u0131\u2019nda ve 12. Uluslararas\u0131 T\u00fcrkiye A\u00e7\u0131k Taekwondo Turnuvas\u0131\u2019nda en \u00e7ok puan toplayan sporcular Avrupa \u015eampiyonas\u0131\u2019na do\u011frudan kat\u0131l\u0131m sa\u011flayacaklard\u0131r.<\/p>\n<p><strong>4-<\/strong>Avrupa \u015eampiyonas\u0131\u2019na iki (2) tak\u0131m gidilmesi durumunda 1. haricindeki en y\u00fcksek puana sahip iki (2) sporcu aras\u0131nda tekrar se\u00e7me yap\u0131lacakt\u0131r.<\/p>\n<p><strong>5-<\/strong>Y\u0131l sonunda yap\u0131lacak olan Para Taekwondo D\u00fcnya \u015eampiyonas\u0131\u2019na gitmeye hak kazanmak i\u00e7in;<\/p>\n<p>5.1-\u00a0Sporcular\u0131n T\u00fcrkiye \u015eampiyonas\u0131, 12. Uluslararas\u0131 T\u00fcrkiye A\u00e7\u0131k Taekwondo Turnuvas\u0131 ve Avrupa \u015eampiyonas\u0131\u2019ndaki kazand\u0131\u011f\u0131 puanlar hesaplan\u0131r,<\/p>\n<p>5.2-Avrupa \u015eampiyonas\u0131\u2019ndan sonra T\u00fcrkiye Taekwondo Federasyonu\u2019nun ve Teknik Kurul\u2019un uygun g\u00f6rd\u00fc\u011f\u00fc puan bazl\u0131 m\u00fcsabakalara puan\u0131 y\u00fcksek olan ve ilgili kurul \u00e7er\u00e7evesinde uygun g\u00f6r\u00fclen sporcu kat\u0131l\u0131m sa\u011flayacakt\u0131r.<\/p>\n<p>5.3-Avrupa \u015eampiyonas\u0131\u2019ndan sonra, kat\u0131l\u0131m sa\u011flanacak olan uluslararas\u0131 ma\u00e7lardaki ilgili turnuvan\u0131n (\u00d6rn; G1, G2, G3 ve G4) verdi\u011fi puan do\u011frultusunda, sporcular\u0131n kazand\u0131klar\u0131 puanlar hanelerine eklenir.<\/p>\n<p>5.4-En \u00e7ok puan toplayan sporcu D\u00fcnya \u015eampiyonas\u0131\u2019na gitmeye hak kazan\u0131r.<\/p>\n<p>5.5-D\u00fcnya \u015eampiyonas\u0131\u2019na iki (2) tak\u0131m gidilmesi durumunda, birinci d\u0131\u015f\u0131nda en y\u00fcksek puan toplayan iki sporcu aras\u0131nda se\u00e7me yap\u0131lacakt\u0131r.<\/p>\n<p><strong>6<\/strong>-Sporcu\/lar\u0131n kilo de\u011fi\u015fikli\u011fi yapmak istedi\u011fi durumda;<\/p>\n<p>6.1-\u0130lgili sporcu\/lar, 12. Uluslararas\u0131 T\u00fcrkiye A\u00e7\u0131k Taekwondo Turnuvas\u0131\u2019nda girdi\u011fi sikleti y\u0131l boyunca korumak zorundad\u0131r.<\/p>\n<p>6.2-12. Uluslararas\u0131 T\u00fcrkiye A\u00e7\u0131k Taekwondo Turnuvas\u0131\u2019ndan sonra, sporcu kilo de\u011fi\u015fikli\u011fi yapmak isterse, \u015fampiyonan\u0131n tarihine kadar kazand\u0131\u011f\u0131 puanlar s\u0131f\u0131rlanacakt\u0131r.<\/p>\n<p><strong>7-<\/strong>Sa\u011fl\u0131k problemleri nedeniyle al\u0131nacak raporlar T\u00fcrkiye Taekwondo Federasyonu doktorlar\u0131n\u0131n onay\u0131 do\u011frultusunda kabul edilecektir.<\/p>\n<p><strong>8-<\/strong>Teknik Kurul, gerekli g\u00f6rd\u00fc\u011f\u00fc hallerde se\u00e7me listelerinde, direkt gidecek sporcu isimlerinde ve se\u00e7me m\u00fcsabakalar\u0131n\u0131n kurallar\u0131nda de\u011fi\u015fiklik yapabilir. Sporcular\u0131n kamp \u00e7al\u0131\u015fmalar\u0131na kat\u0131l\u0131m\u0131, performanslar\u0131, kilo durumu, sa\u011fl\u0131k ko\u015fullar\u0131 ve disiplin durumlar\u0131na ba\u011fl\u0131 olarak, Teknik Kurul tekrar se\u00e7me m\u00fcsabakas\u0131 d\u00fczenleyebilir veya milli tak\u0131m listesinde de\u011fi\u015fiklik yapabilir.<\/p>\n<p>&nbsp;<\/p>\n<p><strong><mark class=\"has-inline-color has-vivid-red-color\">PARA POOMSAE<\/mark><\/strong><\/p>\n<p><strong>1-\u00a0<\/strong>2025 y\u0131l\u0131 Para Taekwondo Poomsae D\u00fcnya \u015eampiyonas\u0131\u2019na kat\u0131lacak sporcular a\u015fa\u011f\u0131da yaz\u0131l\u0131 turnuvalar sonucunda belirlenecek olup; turnuvalarda derece yapan sporculara s\u0131ras\u0131yla a\u015fa\u011f\u0131daki tabloda yaz\u0131l\u0131 puanlar verilecektir.<\/p>\n<ol class=\"wp-block-list\">\n<li><\/li>\n<\/ol>\n<p><strong>\u00a0\u00a0\u00a0\u00a0\u00a0\u00a0\u00a0\u00a0\u00a0\u00a0 T\u00dcRK\u0130YE \u015eAMP\u0130YONASI \/\u00a0<em>OCAK<\/em><\/strong><\/p>\n<p>1. 10 puan<br \/>\n2. \u00a06 puan<br \/>\n3. \u20603.6 puan<br \/>\n3. 3.6 puan<br \/>\n5-8. s\u0131ralama \u20602.16 puan<\/p>\n<p><strong>12. T\u00dcRK\u0130YE ULUSLARARASI A\u00c7IK TAEKWONDO TURNUVASI (G2) \/\u00a0<em>\u015eUBAT<\/em><\/strong><\/p>\n<p>1.\u00a0 20 puan<br \/>\n2.\u00a0 12 puan<br \/>\n3.\u00a0 7.20 puan<br \/>\n3.\u00a0 7.20 puan<br \/>\n5-8.s\u0131ralama 4.32 puan<br \/>\n9-16.s\u0131ralama 3.02 puan<br \/>\n17-32. s\u0131ralama 2.12 puan<\/p>\n<p><strong>T\u00dcRK\u0130YE \u015eAMP\u0130YONASI\u00a0<em>\/ MUHTEL\u0130F<\/em><\/strong><\/p>\n<p>1. \u00a020 puan<br \/>\n2.\u00a0 12 puan<br \/>\n3. \u00a07.20 puan<br \/>\n3.\u00a0 7.20 puan<br \/>\n5-8.s\u0131ralama 4.32 puan<br \/>\n9-16. s\u0131ralama\u00a0 3.02 puan<br \/>\n17-32. s\u0131ralama\u00a0 2.12 puan<\/p>\n<p><strong>2-<\/strong>T\u00fcrkiye \u015eampiyonalar\u0131 ve 12. Uluslararas\u0131 T\u00fcrkiye A\u00e7\u0131k Taekwondo Turnuvas\u0131 yukar\u0131da tabloda belirtilen puanlamaya g\u00f6re sporcular\u0131n hanelerine eklenir.<\/p>\n<p><strong>3-<\/strong>Gidilecek olan\u00a0<em>uluslararas\u0131 turnuvalarda<\/em>, turnuvan\u0131n verdi\u011fi puanlar (G1-G2-G3-G4) sporcunun hanesine eklenir ve en y\u00fcksek puana sahip sporcu d\u00fcnya \u015fampiyonas\u0131na gitmeye hak kazan\u0131r.<\/p>\n<p>3.1 T\u00fcrkiye Taekwondo Federasyonu\u2019nun ve Teknik Kurul\u2019un uygun g\u00f6rd\u00fc\u011f\u00fc puan bazl\u0131 m\u00fcsabakalara, puan\u0131 y\u00fcksek olan ve ilgili kurul \u00e7er\u00e7evesinde uygun g\u00f6r\u00fclen sporcu, m\u00fcsabakalara kat\u0131l\u0131m sa\u011flayacakt\u0131r.<\/p>\n<p><strong>4-<\/strong>T\u00fcrkiye \u015eampiyonas\u0131\u2019nda ilk d\u00f6rt (4) dereceyi elde eden sporcular,12. Uluslararas\u0131 T\u00fcrkiye A\u00e7\u0131k Taekwondo Turnuvas\u0131\u2019na milli tak\u0131m ad\u0131na kat\u0131lacaklard\u0131r.<\/p>\n<p>4.1-12. Uluslararas\u0131 T\u00fcrkiye A\u00e7\u0131k Taekwondo Turnuvas\u0131\u2019na kat\u0131l\u0131m sa\u011flanmas\u0131 halinde,\u00a0<em>G2\u00a0<\/em>stat\u00fcs\u00fcnde puanlama yap\u0131lacakt\u0131r.<\/p>\n<p>4.2-\u0130lgili puanlar sporcular\u0131n hanesine eklenecektir.<\/p>\n<p><strong>5-<\/strong>Teknik Kurul; sporcular\u0131n, performans d\u00fc\u015f\u00fckl\u00fc\u011f\u00fc, sa\u011fl\u0131k problemleri, disiplinsizlik, kamp devams\u0131zl\u0131\u011f\u0131 vb. durumlar\u0131nda milli tak\u0131m listelerinde de\u011fi\u015fiklik yapabilir.<\/p>\n<p><strong>6-<\/strong><em>Pair<\/em>\u00a0ve senkronlarda gerek g\u00f6r\u00fcld\u00fc\u011f\u00fc taktirde Teknik Kurul se\u00e7me yaparak tak\u0131mlar\u0131 olu\u015fturabilir.<\/p>\n<p><strong>7-<\/strong>Sa\u011fl\u0131k problemleri nedeniyle al\u0131nacak raporlar, T\u00fcrkiye Taekwondo Federasyonu doktorlar\u0131n\u0131n onay\u0131 do\u011frultusunda kabul edilecektir.<\/p>\n<p><strong>8-<\/strong>Para Poomsae Avrupa \u015eampiyonas\u0131 yap\u0131lmas\u0131 durumunda:<\/p>\n<p>8.1-T\u00fcrkiye \u015eampiyonalar\u0131 ve 12. Uluslararas\u0131 T\u00fcrkiye A\u00e7\u0131k Taekwondo Turnuvas\u0131\u2019nda puan\u0131 en y\u00fcksek olan sporcu Avrupa \u015eampiyonas\u0131na direkt kat\u0131l\u0131r.<\/p>\n<p>8.2-Avrupa \u015eampiyonas\u0131\u2019na iki tak\u0131m halinde kat\u0131l\u0131nmas\u0131 durumunda puan\u0131 y\u00fcksek olan ikinci ve \u00fc\u00e7\u00fcnc\u00fc sporcular aras\u0131nda se\u00e7me yap\u0131lacakt\u0131r.<\/p>\n<p><strong>9-<\/strong>Teknik Kurul, gerekli g\u00f6rd\u00fc\u011f\u00fc hallerde se\u00e7me listelerinde, direkt gidecek sporcu isimlerinde ve se\u00e7me m\u00fcsabakalar\u0131n\u0131n kurallar\u0131nda de\u011fi\u015fiklik yapabilir. Sporcular\u0131n kamp \u00e7al\u0131\u015fmalar\u0131na kat\u0131l\u0131m\u0131, performanslar\u0131, sa\u011fl\u0131k ko\u015fullar\u0131 ve disiplin durumlar\u0131na ba\u011fl\u0131 olarak, Teknik Kurul tekrar se\u00e7me m\u00fcsabakas\u0131 d\u00fczenleyebilir veya milli tak\u0131m listesinde de\u011fi\u015fiklik yapabilir.<\/p>\n","protected":false},"excerpt":{"rendered":"<p>Federasyonumuz taraf\u0131ndan, 2025 y\u0131l\u0131nda yap\u0131lacak Avrupa ve D\u00fcnya Para Taekwondo \u015eampiyonalar\u0131 (Kyorugi &amp; Poomsae) i\u00e7in milli tak\u0131m se\u00e7me kriterlerini duyurdu. S\u00f6z konusu kriterler \u015fu \u015fekilde: KYORUG\u0130 1-\u00a02025 y\u0131l\u0131 Para Taekwondo Avrupa \u015eampiyonas\u0131\u2019na kat\u0131lacak sporcular a\u015fa\u011f\u0131da yaz\u0131l\u0131 iki (2) turnuva sonucunda belirlenecek olup, turnuvalarda derece yapan sporculara s\u0131ras\u0131yla a\u015fa\u011f\u0131daki tabloda yaz\u0131l\u0131 puanlar verilecektir. \u00a0\u00a0\u00a0\u00a0\u00a0\u00a0\u00a0\u00a0 T\u00dcRK\u0130YE PARA [&hellip;]<\/p>\n","protected":false},"author":1,"featured_media":348,"comment_status":"open","ping_status":"open","sticky":false,"template":"","format":"standard","meta":{"footnotes":""},"categories":[4],"tags":[],"class_list":["post-347","post","type-post","status-publish","format-standard","has-post-thumbnail","hentry","category-ttf"],"_links":{"self":[{"href":"https:\/\/taekwondohaber.com\/index.php\/wp-json\/wp\/v2\/posts\/347","targetHints":{"allow":["GET"]}}],"collection":[{"href":"https:\/\/taekwondohaber.com\/index.php\/wp-json\/wp\/v2\/posts"}],"about":[{"href":"https:\/\/taekwondohaber.com\/index.php\/wp-json\/wp\/v2\/types\/post"}],"author":[{"embeddable":true,"href":"https:\/\/taekwondohaber.com\/index.php\/wp-json\/wp\/v2\/users\/1"}],"replies":[{"embeddable":true,"href":"https:\/\/taekwondohaber.com\/index.php\/wp-json\/wp\/v2\/comments?post=347"}],"version-history":[{"count":1,"href":"https:\/\/taekwondohaber.com\/index.php\/wp-json\/wp\/v2\/posts\/347\/revisions"}],"predecessor-version":[{"id":349,"href":"https:\/\/taekwondohaber.com\/index.php\/wp-json\/wp\/v2\/posts\/347\/revisions\/349"}],"wp:featuredmedia":[{"embeddable":true,"href":"https:\/\/taekwondohaber.com\/index.php\/wp-json\/wp\/v2\/media\/348"}],"wp:attachment":[{"href":"https:\/\/taekwondohaber.com\/index.php\/wp-json\/wp\/v2\/media?parent=347"}],"wp:term":[{"taxonomy":"category","embeddable":true,"href":"https:\/\/taekwondohaber.com\/index.php\/wp-json\/wp\/v2\/categories?post=347"},{"taxonomy":"post_tag","embeddable":true,"href":"https:\/\/taekwondohaber.com\/index.php\/wp-json\/wp\/v2\/tags?post=347"}],"curies":[{"name":"wp","href":"https:\/\/api.w.org\/{rel}","templated":true}]}}