{"id":353,"date":"2025-01-27T23:06:40","date_gmt":"2025-01-27T20:06:40","guid":{"rendered":"https:\/\/taekwondohaber.com\/?p=353"},"modified":"2025-01-27T23:06:40","modified_gmt":"2025-01-27T20:06:40","slug":"2025-gencler-milli-takim-secme-kriterleri","status":"publish","type":"post","link":"https:\/\/taekwondohaber.com\/index.php\/2025\/01\/27\/2025-gencler-milli-takim-secme-kriterleri\/","title":{"rendered":"2025 Gen\u00e7ler Milli Tak\u0131m Se\u00e7me Kriterleri"},"content":{"rendered":"<p><strong>1-<\/strong>2025 Avrupa Gen\u00e7ler Taekwondo \u015eampiyonas\u0131na kat\u0131lacak sporcu, belirlenen ulusal ve uluslararas\u0131 m\u00fcsabakalar sonucunda, puanlama sistemine g\u00f6re belirlenecektir. M\u00fcsabakalar ve bu m\u00fcsabakalara ait puanlama detaylar\u0131 Tablo 1\u2019de belirtilmi\u015ftir.<\/p>\n<p>Tablo 1. M\u00fcsabaka ve M\u00fcsabaka Puanlar\u0131<\/p>\n<figure class=\"wp-block-table\">\n<table class=\"has-fixed-layout\">\n<thead>\n<tr>\n<th>Etkinlik<\/th>\n<th>1<\/th>\n<th>2<\/th>\n<th>3<\/th>\n<th>\u00c7eyrek Final<\/th>\n<\/tr>\n<\/thead>\n<tbody>\n<tr>\n<td>T\u00fcrkiye Gen\u00e7ler Taekwondo \u015eampiyonas\u0131<\/td>\n<td>12<\/td>\n<td>8<\/td>\n<td>5<\/td>\n<td>3<\/td>\n<\/tr>\n<tr>\n<td>12. Uluslararas\u0131 T\u00fcrkiye A\u00e7\u0131k Taekwondo Turnuvas\u0131<\/td>\n<td>17<\/td>\n<td>12<\/td>\n<td>8<\/td>\n<td>4<\/td>\n<\/tr>\n<tr>\n<td>Avrupa Kul\u00fcpler Taekwondo \u015eampiyonas\u0131 (Arnavutluk)<\/td>\n<td>20<\/td>\n<td>15<\/td>\n<td>10<\/td>\n<td>5<\/td>\n<\/tr>\n<\/tbody>\n<\/table>\n<\/figure>\n<p><strong>2-<\/strong>\u00a012. Uluslararas\u0131 T\u00fcrkiye A\u00e7\u0131k Taekwondo Turnuvas\u0131\u2019na, T\u00fcrkiye Gen\u00e7ler Taekwondo \u015eampiyonas\u0131\u2019nda ilk 4\u2019e giren sporcular milli tak\u0131m ad\u0131na kat\u0131lacakt\u0131r.<\/p>\n<p><strong>3-<\/strong>\u00a0T\u00fcrkiye Gen\u00e7ler Taekwondo \u015eampiyonu ve 12. Uluslararas\u0131 T\u00fcrkiye A\u00e7\u0131k Turnuvas\u0131 en iyi dereceyi yapan sporcu Kul\u00fcpler Avrupa Taekwondo \u015eampiyonas\u0131\u2019na milli tak\u0131m ad\u0131na kat\u0131lacakt\u0131r.<\/p>\n<p><strong>4-<\/strong>\u00a012. Uluslararas\u0131 T\u00fcrkiye A\u00e7\u0131k Taekwondo Turnuvas\u0131\u2019nda ilgili s\u0131klette derece elde eden T\u00fcrk sporcu olmamas\u0131 durumunda Kul\u00fcpler Avrupa Taekwondo \u015eampiyonas\u0131\u2019na milli tak\u0131m ad\u0131na T\u00fcrkiye \u015eampiyonu ve ikincisi kat\u0131lacakt\u0131r.<\/p>\n<p><strong>5-<\/strong>\u00a012. Uluslararas\u0131 T\u00fcrkiye A\u00e7\u0131k Taekwondo Turnuvas\u0131\u2019na ve Kul\u00fcpler Avrupa Taekwondo \u015eampiyonas\u0131\u2019na kendi kul\u00fcb\u00fcyle kat\u0131lan sporcular\u0131n ald\u0131klar\u0131 sonu\u00e7lar, puanlama sistemine d\u00e2hil edilecektir.<\/p>\n<p><strong>6<\/strong>\u2013 Yukar\u0131da belirtilen turnuvalar sonucunda en y\u00fcksek puan\u0131 alan sporcu, Avrupa \u015eampiyonas\u0131 tak\u0131m\u0131na se\u00e7ilir. Ancak herhangi bir s\u0131klette puan fark\u0131n\u0131n 10 ve 10\u2019dan az olmas\u0131 durumunda o s\u0131klette se\u00e7me m\u00fcsabakas\u0131 d\u00fczenlenir.<\/p>\n<p><strong>7<\/strong>\u2013 Her s\u0131klette al\u0131nan puanlar ge\u00e7erlidir. 12. Uluslararas\u0131 T\u00fcrkiye A\u00e7\u0131k Taekwondo Turnuvas\u0131\u2019ndan sonra s\u0131klet de\u011fi\u015fikli\u011fine izin verilemeyecektir. S\u0131klet de\u011fi\u015fikli\u011fi yap\u0131ld\u0131\u011f\u0131 takdirde al\u0131nan puan yar\u0131ya d\u00fc\u015f\u00fcr\u00fclecektir.<\/p>\n<p><strong>8-\u00a0<\/strong>Sa\u011fl\u0131k sorunlar\u0131 durumlar\u0131nda al\u0131nacak sa\u011fl\u0131k raporlar\u0131 federasyonumuzun doktorunun onay\u0131 do\u011frultusunda kabul edilecektir.<\/p>\n<p><strong>9-<\/strong>\u00a0Teknik Kurul, gerekli g\u00f6rd\u00fc\u011f\u00fc hallerde se\u00e7me listelerinde, direkt gidecek sporcu isimlerinde ve se\u00e7me m\u00fcsabakalar\u0131n\u0131n kurallar\u0131nda de\u011fi\u015fiklik yapabilir. Sporcular\u0131n kamp \u00e7al\u0131\u015fmalar\u0131na kat\u0131l\u0131m\u0131, performanslar\u0131, kilo durumu, sa\u011fl\u0131k ko\u015fullar\u0131 ve disiplin durumlar\u0131na ba\u011fl\u0131 olarak, Teknik Kurul tekrar se\u00e7me m\u00fcsabakas\u0131 d\u00fczenleyebilir veya milli tak\u0131m listesinde de\u011fi\u015fiklik yapabilir.<\/p>\n","protected":false},"excerpt":{"rendered":"<p>1-2025 Avrupa Gen\u00e7ler Taekwondo \u015eampiyonas\u0131na kat\u0131lacak sporcu, belirlenen ulusal ve uluslararas\u0131 m\u00fcsabakalar sonucunda, puanlama sistemine g\u00f6re belirlenecektir. M\u00fcsabakalar ve bu m\u00fcsabakalara ait puanlama detaylar\u0131 Tablo 1\u2019de belirtilmi\u015ftir. Tablo 1. M\u00fcsabaka ve M\u00fcsabaka Puanlar\u0131 Etkinlik 1 2 3 \u00c7eyrek Final T\u00fcrkiye Gen\u00e7ler Taekwondo \u015eampiyonas\u0131 12 8 5 3 12. Uluslararas\u0131 T\u00fcrkiye A\u00e7\u0131k Taekwondo Turnuvas\u0131 17 12 [&hellip;]<\/p>\n","protected":false},"author":1,"featured_media":354,"comment_status":"open","ping_status":"open","sticky":false,"template":"","format":"standard","meta":{"footnotes":""},"categories":[4],"tags":[],"class_list":["post-353","post","type-post","status-publish","format-standard","has-post-thumbnail","hentry","category-ttf"],"_links":{"self":[{"href":"https:\/\/taekwondohaber.com\/index.php\/wp-json\/wp\/v2\/posts\/353","targetHints":{"allow":["GET"]}}],"collection":[{"href":"https:\/\/taekwondohaber.com\/index.php\/wp-json\/wp\/v2\/posts"}],"about":[{"href":"https:\/\/taekwondohaber.com\/index.php\/wp-json\/wp\/v2\/types\/post"}],"author":[{"embeddable":true,"href":"https:\/\/taekwondohaber.com\/index.php\/wp-json\/wp\/v2\/users\/1"}],"replies":[{"embeddable":true,"href":"https:\/\/taekwondohaber.com\/index.php\/wp-json\/wp\/v2\/comments?post=353"}],"version-history":[{"count":1,"href":"https:\/\/taekwondohaber.com\/index.php\/wp-json\/wp\/v2\/posts\/353\/revisions"}],"predecessor-version":[{"id":355,"href":"https:\/\/taekwondohaber.com\/index.php\/wp-json\/wp\/v2\/posts\/353\/revisions\/355"}],"wp:featuredmedia":[{"embeddable":true,"href":"https:\/\/taekwondohaber.com\/index.php\/wp-json\/wp\/v2\/media\/354"}],"wp:attachment":[{"href":"https:\/\/taekwondohaber.com\/index.php\/wp-json\/wp\/v2\/media?parent=353"}],"wp:term":[{"taxonomy":"category","embeddable":true,"href":"https:\/\/taekwondohaber.com\/index.php\/wp-json\/wp\/v2\/categories?post=353"},{"taxonomy":"post_tag","embeddable":true,"href":"https:\/\/taekwondohaber.com\/index.php\/wp-json\/wp\/v2\/tags?post=353"}],"curies":[{"name":"wp","href":"https:\/\/api.w.org\/{rel}","templated":true}]}}