{"id":362,"date":"2025-01-27T23:09:29","date_gmt":"2025-01-27T20:09:29","guid":{"rendered":"https:\/\/taekwondohaber.com\/?p=362"},"modified":"2025-01-27T23:09:29","modified_gmt":"2025-01-27T20:09:29","slug":"2025-turkiye-gencler-taekwondo-sampiyonasi","status":"publish","type":"post","link":"https:\/\/taekwondohaber.com\/index.php\/2025\/01\/27\/2025-turkiye-gencler-taekwondo-sampiyonasi\/","title":{"rendered":"2025 T\u00fcrkiye Gen\u00e7ler Taekwondo \u015eampiyonas\u0131"},"content":{"rendered":"<p>T\u00fcrkiye Taekwondo Federasyonu\u2019nun 2025 Y\u0131l\u0131 Faaliyet Program\u0131nda yer alan T\u00fcrkiye Gen\u00e7ler Taekwondo \u015eampiyonas\u0131n\u0131n 15 -19 Ocak 2025 tarihleri aras\u0131nda Ankara\u2019da yap\u0131lmas\u0131 planlanmaktad\u0131r.<\/p>\n<p><strong><a href=\"https:\/\/drive.google.com\/drive\/folders\/1Vcs-lLzNI5OGfKtjQtH_5D6kfiJFuGD9\" data-type=\"link\" data-id=\"https:\/\/drive.google.com\/drive\/folders\/1Vcs-lLzNI5OGfKtjQtH_5D6kfiJFuGD9\">B\u0130R\u0130NC\u0130 G\u00dcN FOTO\u011eRAFLARINA ULA\u015eMAK \u0130\u00c7\u0130N TIKLAYINIZ<\/a><\/strong><\/p>\n<p><strong><a href=\"https:\/\/drive.google.com\/drive\/folders\/1qbcJsdD-Wlm50YDAYuk5Kql3mLOZKer0\" data-type=\"link\" data-id=\"https:\/\/drive.google.com\/drive\/folders\/1qbcJsdD-Wlm50YDAYuk5Kql3mLOZKer0\">\u0130K\u0130NC\u0130 G\u00dcN FOTO\u011eRAFLARINA ULA\u015eMAK \u0130\u00c7\u0130N TIKLAYINIZ<\/a><\/strong><\/p>\n<p><strong><a href=\"https:\/\/drive.google.com\/drive\/folders\/1G2XviWLfH99XcTZ8XMVPmF7OkE1E7rym\" target=\"_blank\" rel=\"noreferrer noopener\" data-type=\"link\" data-id=\"https:\/\/drive.google.com\/file\/d\/1G2XviWLfH99XcTZ8XMVPmF7OkE1E7rym\">\u00dc\u00c7\u00dcNC\u00dc G\u00dcN FOTO\u011eRAFLARINA ULA\u015eMAK \u0130\u00c7\u0130N TIKLAYINIZ<\/a><\/strong><\/p>\n<p><strong><a href=\"https:\/\/drive.google.com\/drive\/folders\/1M5Jov8dhL2sVvaskA3t2eRR9F-PFGfda\" target=\"_blank\" rel=\"noreferrer noopener\" data-type=\"link\" data-id=\"https:\/\/drive.google.com\/file\/d\/1M5Jov8dhL2sVvaskA3t2eRR9F-PFGfda\">D\u00d6RD\u00dcNC\u00dc G\u00dcN FOTO\u011eRAFLARINA ULA\u015eMAK \u0130\u00c7\u0130N TIKLAYINIZ<\/a><\/strong><\/p>\n<p><strong><a href=\"https:\/\/drive.google.com\/drive\/folders\/1_HmbwhY0-mVCX0zcfTBusM7Pd1fnU93C\" data-type=\"link\" data-id=\"https:\/\/drive.google.com\/drive\/folders\/1_HmbwhY0-mVCX0zcfTBusM7Pd1fnU93C\">BE\u015e\u0130NC\u0130 G\u00dcN FOTO\u011eRAFLARINA ULA\u015eMAK \u0130\u00c7\u0130N TIKLAYINIZ<\/a><\/strong><\/p>\n<h3><strong>2025 T\u00dcRK\u0130YE GEN\u00c7LER TAEKWONDO \u015eAMP\u0130YONASI<\/strong><\/h3>\n<h3><strong>M\u00dcSABAKA PROGRAMI 15 \u2013 19 OCAK 2025<\/strong><\/h3>\n<pre><strong>15 - 19  Ocak 2025 | Ankara<\/strong><\/pre>\n<table border=\"1\">\n<tbody>\n<tr>\n<td><\/td>\n<td><strong>15 OCAK (1.G\u00dcN)<\/strong><\/td>\n<td><strong>16 OCAK (2.G\u00dcN)<\/strong><\/td>\n<td><strong>17 OCAK (3.G\u00dcN)<\/strong><\/td>\n<td><strong>18 OCAK (4.G\u00dcN)<\/strong><\/td>\n<td><strong>19 OCAK (5.G\u00dcN)<\/strong><\/td>\n<\/tr>\n<tr>\n<td><strong>ERKEKLER<\/strong><\/td>\n<td>55 \u2013 68 KG<\/td>\n<td>48 \u2013 63 KG<\/td>\n<td>51 \u2013 73 KG<\/td>\n<td>59 \u2013 78\u00a0 KG<\/td>\n<td>45 \u2013 (+)78 KG<\/td>\n<\/tr>\n<tr>\n<td><strong>KADINLAR<\/strong><\/td>\n<td>44 \u2013 63 KG<\/td>\n<td>52 \u2013 68 KG<\/td>\n<td>42 \u2013 55 KG<\/td>\n<td>49 \u2013 (+)68 KG<\/td>\n<td>46 \u2013 59 KG<\/td>\n<\/tr>\n<\/tbody>\n<\/table>\n<div class=\"table-responsive\">\n<table class=\"table\" border=\"1\">\n<tbody>\n<tr>\n<td colspan=\"7\"><strong>KURA L\u0130STELER\u0130<\/strong><\/td>\n<\/tr>\n<tr>\n<th scope=\"col\" bgcolor=\"#30d5c8\"><a href=\"https:\/\/turkiyetaekwondofed.gov.tr\/wp-content\/uploads\/2025\/01\/Drawsheets-Wednesday-Day-1-1.pdf\"><strong>L\u00fctfen T\u0131klay\u0131n\u0131z<br \/>\n1.G\u00dcN<\/strong><\/a><\/th>\n<th scope=\"col\" bgcolor=\"#30d5c8\"><a href=\"https:\/\/turkiyetaekwondofed.gov.tr\/wp-content\/uploads\/2025\/01\/Drawsheets-Thursday-Day-2-1.pdf\"><strong>L\u00fctfen T\u0131klay\u0131n\u0131z<br \/>\n2.G\u00dcN<\/strong><\/a><\/th>\n<th scope=\"col\" bgcolor=\"#30d5c8\"><a href=\"https:\/\/turkiyetaekwondofed.gov.tr\/wp-content\/uploads\/2025\/01\/Drawsheets-Friday-Day-3-1.pdf\"><strong>L\u00fctfen T\u0131klay\u0131n\u0131z<br \/>\n3.G\u00dcN<\/strong><\/a><\/th>\n<th scope=\"col\" bgcolor=\"#30d5c8\"><a href=\"https:\/\/turkiyetaekwondofed.gov.tr\/wp-content\/uploads\/2025\/01\/Drawsheets-Saturday-Day-4-1.pdf\"><strong>L\u00fctfen T\u0131klay\u0131n\u0131z<br \/>\n4.G\u00dcN<\/strong><\/a><\/th>\n<th scope=\"col\" bgcolor=\"#30d5c8\"><a href=\"https:\/\/turkiyetaekwondofed.gov.tr\/wp-content\/uploads\/2025\/01\/Drawsheets-Sunday-Day-5-1.pdf\"><strong>L\u00fctfen T\u0131klay\u0131n\u0131z<br \/>\n5.G\u00dcN<\/strong><\/a><\/th>\n<\/tr>\n<\/tbody>\n<\/table>\n<table class=\"table\" border=\"1\">\n<tbody>\n<tr>\n<td colspan=\"7\"><strong>RANDOM L\u0130STELER\u0130<\/strong><\/td>\n<\/tr>\n<tr>\n<th scope=\"col\" bgcolor=\"#ffa44f\"><a href=\"https:\/\/turkiyetaekwondofed.gov.tr\/wp-content\/uploads\/2025\/01\/1.gun-random-1.pdf\"><strong>L\u00fctfen T\u0131klay\u0131n\u0131z<br \/>\n1.G\u00dcN<\/strong><\/a><\/th>\n<th scope=\"col\" bgcolor=\"#ffa44f\"><a href=\"https:\/\/turkiyetaekwondofed.gov.tr\/wp-content\/uploads\/2025\/01\/2.gun-random-1.pdf\"><strong>L\u00fctfen T\u0131klay\u0131n\u0131z<br \/>\n2.G\u00dcN<\/strong><\/a><\/th>\n<th scope=\"col\" bgcolor=\"#ffa44f\"><a href=\"https:\/\/turkiyetaekwondofed.gov.tr\/wp-content\/uploads\/2025\/01\/3.gun-random-1.pdf\"><strong>L\u00fctfen T\u0131klay\u0131n\u0131z<br \/>\n3.G\u00dcN<\/strong><\/a><\/th>\n<th scope=\"col\" bgcolor=\"#ffa44f\"><a href=\"https:\/\/turkiyetaekwondofed.gov.tr\/wp-content\/uploads\/2025\/01\/4.gun-random-1.pdf\"><strong>L\u00fctfen T\u0131klay\u0131n\u0131z<br \/>\n4.G\u00dcN<\/strong><\/a><\/th>\n<th scope=\"col\" bgcolor=\"#ffa44f\"><a href=\"https:\/\/turkiyetaekwondofed.gov.tr\/wp-content\/uploads\/2025\/01\/5.gun-random-1.pdf\"><strong>L\u00fctfen T\u0131klay\u0131n\u0131z<br \/>\n5.G\u00dcN<\/strong><\/a><\/th>\n<\/tr>\n<\/tbody>\n<\/table>\n<table class=\"table\" border=\"1\">\n<tbody>\n<tr>\n<td colspan=\"7\"><strong>SONU\u00c7 L\u0130STELER\u0130<\/strong><\/td>\n<\/tr>\n<tr>\n<th scope=\"col\" bgcolor=\"#6c2\"><a href=\"https:\/\/turkiyetaekwondofed.gov.tr\/wp-content\/uploads\/2025\/01\/1-8-1.pdf\"><strong>L\u00fctfen T\u0131klay\u0131n\u0131z<br \/>\n1.G\u00dcN<\/strong><\/a><\/th>\n<th scope=\"col\" bgcolor=\"#6c2\"><a href=\"https:\/\/turkiyetaekwondofed.gov.tr\/wp-content\/uploads\/2025\/01\/2-8-1.pdf\"><strong>L\u00fctfen T\u0131klay\u0131n\u0131z<br \/>\n2.G\u00dcN<\/strong><\/a><\/th>\n<th scope=\"col\" bgcolor=\"#6c2\"><a href=\"https:\/\/turkiyetaekwondofed.gov.tr\/wp-content\/uploads\/2025\/01\/3-8-1.pdf\"><strong>L\u00fctfen T\u0131klay\u0131n\u0131z<br \/>\n3.G\u00dcN<\/strong><\/a><\/th>\n<th scope=\"col\" bgcolor=\"#6c2\"><a href=\"https:\/\/turkiyetaekwondofed.gov.tr\/wp-content\/uploads\/2025\/01\/4-8-1.pdf\"><strong>L\u00fctfen T\u0131klay\u0131n\u0131z<br \/>\n4.G\u00dcN<\/strong><\/a><\/th>\n<th scope=\"col\" bgcolor=\"#6c2\"><a href=\"https:\/\/turkiyetaekwondofed.gov.tr\/wp-content\/uploads\/2025\/01\/5-8-1.pdf\"><strong>L\u00fctfen T\u0131klay\u0131n\u0131z<br \/>\n5.G\u00dcN<\/strong><\/a><\/th>\n<\/tr>\n<\/tbody>\n<\/table>\n<\/div>\n<p><strong>M\u00dcSABAKA B\u0130LG\u0130LER\u0130 ve ONLINE KAYIT<\/strong><\/p>\n<p><strong>M\u00fcsabaka Tarihi<\/strong>\u00a0: 15 -19 Ocak 2025<\/p>\n<p><strong>M\u00fcsabaka Yeri<\/strong>\u00a0: Ankara Taha Akg\u00fcl Spor Salonu<\/p>\n<p><strong>Teknik Toplant\u0131<\/strong>\u00a0: 14 Ocak 2025 \u2013 Saat : 17:00<\/p>\n<p><strong>Tart\u0131<\/strong>\u00a0: 14 Ocak 2025 \u2013 Saat: 10.00 \u2013 14.00 ( \u0130lk g\u00fcn m\u00fcsabakalar\u0131n\u0131n tart\u0131s\u0131 ) \u2013 Her s\u0131kletin tart\u0131s\u0131 o s\u0131kletin m\u00fcsabaka g\u00fcn\u00fcnden bir g\u00fcn \u00f6nce yap\u0131lacakt\u0131r.<\/p>\n<p>Sporcu kay\u0131tlar\u0131, kul\u00fcpler taraf\u0131ndan Federasyonun internet sitesinin alt taraf\u0131nda bulunan \u201cOnline M\u00fcsabaka Kay\u0131t\u201d b\u00f6l\u00fcm\u00fcndeki link t\u0131klanarak ula\u015f\u0131lacak sayfadan, daha \u00f6nce Federasyondan alm\u0131\u015f olduklar\u0131 kul\u00fcp \u015fifreleriyle yap\u0131labilecek olup,\u00a0online kay\u0131t<strong>\u00a0\u00a010 Ocak 2025<\/strong>\u00a0 saat 24:00\u2019de sona erecektir. Online kay\u0131t s\u00fcresi uzat\u0131lmayacakt\u0131r.<\/p>\n<p>Ferdi sporcular\u0131n kay\u0131tlar\u0131 ise ekte sunulan dilek\u00e7enin eksiksiz doldurularak, a\u015fa\u011f\u0131da belirtilen e-posta adresine veya\u00a0Federasyonumuza faks yoluyla\u00a0<strong>10 Ocak 2025\u00a0<\/strong>tarihi mesai bitimine kadar ba\u015fvurmalar\u0131 halinde yap\u0131lacakt\u0131r.<\/p>\n<p>** Online Geli\u015fim Seminerinde 2025 Y\u0131l\u0131 Vizesini yapt\u0131ran antren\u00f6r ve hakemlerimize da\u011f\u0131t\u0131lan akreditasyon kart\u0131n\u0131 kaybedenler T\u00fcrkiye Taekwondo Federasyonu TEB Bankas\u0131 TL hesab\u0131na (TR32 0003 2000 0000 0135 5652 84)\u00a0<strong>300 TL<\/strong>\u00a0yat\u0131rarak yeni akreditasyon kart\u0131 bast\u0131rabileceklerdir.<\/p>\n<p>** Deneme tart\u0131s\u0131na \u00e7\u0131k\u0131p, resmi tart\u0131 \u00f6ncesi s\u0131klet de\u011fi\u015fikli\u011fi yapmak isteyen sporcular bu i\u015flemi T\u00fcrkiye Taekwondo Federasyonu TEB Bankas\u0131 TL hesab\u0131na (TR32 0003 2000 0000 0135 5652 84)\u00a0<strong>300 TL<\/strong>\u00a0yat\u0131rarak yapabileceklerdir.<\/p>\n<p>** \u015eampiyonaya kay\u0131t yapt\u0131rmadan gelen sporcular, il m\u00fcd\u00fcrl\u00fckleri listesinde yer almalar\u0131 halinde T\u00fcrkiye Taekwondo Federasyonu TEB Bankas\u0131 TL hesab\u0131na (TR32 0003 2000 0000 0135 5652 84)\u00a0<strong>300 TL<\/strong>\u00a0yat\u0131rarak ge\u00e7 kay\u0131tlar\u0131n\u0131 yapt\u0131rabileceklerdir.<\/p>\n<p><strong>\u00d6nemli Not: M\u00fcsabakalara kay\u0131t yapacak sporcular \u0130L M\u00dcD\u00dcRL\u00dcKLER\u0130 taraf\u0131ndan g\u00f6nderilecek listelerde yer alan sporcular olmal\u0131d\u0131r.<\/strong><\/p>\n<p>\u2013Federasyonumuzca harc\u0131rahlar\u0131 \u00f6denmeyen kafilelerin idareci, antren\u00f6r ve sporcular\u0131n\u0131n harc\u0131rahlar\u0131 Devlet Bakanl\u0131\u011f\u0131n\u0131n 07\/06\/2007 tarih ve 2461 say\u0131l\u0131 genelgesi uyar\u0131nca Gen\u00e7lik ve Spor \u0130l M\u00fcd\u00fcrl\u00fcklerince kar\u015f\u0131lanabilecektir.\u201d denilmekte olup; harc\u0131rahlar Gen\u00e7lik ve Spor \u0130l M\u00fcd\u00fcrl\u00fcklerince kar\u015f\u0131lanabilecektir.<\/p>\n<p>E-posta : info@taekwondo.org.tr<\/p>\n<p>Telefon : +90.312.310 88 16 \/ dahili: 113 ve 114<\/p>\n<p>Faks : +90.312.310 90 42<\/p>\n<p><strong><a href=\"https:\/\/turkiyetaekwondofed.gov.tr\/wp-content\/uploads\/2024\/12\/FerdiDilekce_2025genc.docx\" data-type=\"link\" data-id=\"https:\/\/turkiyetaekwondofed.gov.tr\/wp-content\/uploads\/2024\/12\/FerdiDilekce_2025genc.docx\">Ferdi sporcular\u0131n kat\u0131l\u0131m dilek\u00e7esi i\u00e7in t\u0131klay\u0131n\u0131z.<\/a><\/strong><\/p>\n<p><a href=\"https:\/\/v1.turkiyetaekwondofed.gov.tr\/kayittae\/sinav.asp\"><strong>M\u00fcsabakalara online kay\u0131t yapt\u0131rmak i\u00e7in t\u0131klay\u0131n\u0131z.<\/strong><\/a><\/p>\n","protected":false},"excerpt":{"rendered":"<p>T\u00fcrkiye Taekwondo Federasyonu\u2019nun 2025 Y\u0131l\u0131 Faaliyet Program\u0131nda yer alan T\u00fcrkiye Gen\u00e7ler Taekwondo \u015eampiyonas\u0131n\u0131n 15 -19 Ocak 2025 tarihleri aras\u0131nda Ankara\u2019da yap\u0131lmas\u0131 planlanmaktad\u0131r. B\u0130R\u0130NC\u0130 G\u00dcN FOTO\u011eRAFLARINA ULA\u015eMAK \u0130\u00c7\u0130N TIKLAYINIZ \u0130K\u0130NC\u0130 G\u00dcN FOTO\u011eRAFLARINA ULA\u015eMAK \u0130\u00c7\u0130N TIKLAYINIZ \u00dc\u00c7\u00dcNC\u00dc G\u00dcN FOTO\u011eRAFLARINA ULA\u015eMAK \u0130\u00c7\u0130N TIKLAYINIZ D\u00d6RD\u00dcNC\u00dc G\u00dcN FOTO\u011eRAFLARINA ULA\u015eMAK \u0130\u00c7\u0130N TIKLAYINIZ BE\u015e\u0130NC\u0130 G\u00dcN FOTO\u011eRAFLARINA ULA\u015eMAK \u0130\u00c7\u0130N TIKLAYINIZ 2025 T\u00dcRK\u0130YE GEN\u00c7LER [&hellip;]<\/p>\n","protected":false},"author":1,"featured_media":363,"comment_status":"open","ping_status":"open","sticky":false,"template":"","format":"standard","meta":{"footnotes":""},"categories":[4],"tags":[],"class_list":["post-362","post","type-post","status-publish","format-standard","has-post-thumbnail","hentry","category-ttf"],"_links":{"self":[{"href":"https:\/\/taekwondohaber.com\/index.php\/wp-json\/wp\/v2\/posts\/362","targetHints":{"allow":["GET"]}}],"collection":[{"href":"https:\/\/taekwondohaber.com\/index.php\/wp-json\/wp\/v2\/posts"}],"about":[{"href":"https:\/\/taekwondohaber.com\/index.php\/wp-json\/wp\/v2\/types\/post"}],"author":[{"embeddable":true,"href":"https:\/\/taekwondohaber.com\/index.php\/wp-json\/wp\/v2\/users\/1"}],"replies":[{"embeddable":true,"href":"https:\/\/taekwondohaber.com\/index.php\/wp-json\/wp\/v2\/comments?post=362"}],"version-history":[{"count":1,"href":"https:\/\/taekwondohaber.com\/index.php\/wp-json\/wp\/v2\/posts\/362\/revisions"}],"predecessor-version":[{"id":364,"href":"https:\/\/taekwondohaber.com\/index.php\/wp-json\/wp\/v2\/posts\/362\/revisions\/364"}],"wp:featuredmedia":[{"embeddable":true,"href":"https:\/\/taekwondohaber.com\/index.php\/wp-json\/wp\/v2\/media\/363"}],"wp:attachment":[{"href":"https:\/\/taekwondohaber.com\/index.php\/wp-json\/wp\/v2\/media?parent=362"}],"wp:term":[{"taxonomy":"category","embeddable":true,"href":"https:\/\/taekwondohaber.com\/index.php\/wp-json\/wp\/v2\/categories?post=362"},{"taxonomy":"post_tag","embeddable":true,"href":"https:\/\/taekwondohaber.com\/index.php\/wp-json\/wp\/v2\/tags?post=362"}],"curies":[{"name":"wp","href":"https:\/\/api.w.org\/{rel}","templated":true}]}}