{"id":376,"date":"2025-01-27T23:21:11","date_gmt":"2025-01-27T20:21:11","guid":{"rendered":"https:\/\/taekwondohaber.com\/?p=376"},"modified":"2025-01-27T23:21:11","modified_gmt":"2025-01-27T20:21:11","slug":"2025-yili-milli-takimlar-secme-kriterleri","status":"publish","type":"post","link":"https:\/\/taekwondohaber.com\/index.php\/2025\/01\/27\/2025-yili-milli-takimlar-secme-kriterleri\/","title":{"rendered":"2025 Y\u0131l\u0131 Milli Tak\u0131mlar Se\u00e7me Kriterleri"},"content":{"rendered":"<p>Federasyonumuz taraf\u0131ndan duyurulan milli tak\u0131m se\u00e7me kriterleri \u015fu \u015fekildedir;<\/p>\n<p><strong><mark class=\"has-inline-color has-vivid-cyan-blue-color\">***2025 YILI***<\/mark><\/strong><\/p>\n<p><a href=\"https:\/\/turkiyetaekwondofed.gov.tr\/2025-buyukler-milli-takim-secme-kriterleri\/\" data-type=\"link\" data-id=\"https:\/\/turkiyetaekwondofed.gov.tr\/2025-buyukler-milli-takim-secme-kriterleri\/\">B\u00dcY\u00dcKLER M\u0130LL\u0130 TAKIM SE\u00c7ME KR\u0130TERLER\u0130<\/a><\/p>\n<p><a href=\"https:\/\/turkiyetaekwondofed.gov.tr\/2025-gencler-milli-takim-secme-kriterleri\/\" data-type=\"link\" data-id=\"https:\/\/turkiyetaekwondofed.gov.tr\/2025-gencler-milli-takim-secme-kriterleri\/\">GEN\u00c7LER M\u0130LL\u0130 TAKIM SE\u00c7ME KR\u0130TERLER\u0130<\/a><\/p>\n<p><a href=\"https:\/\/turkiyetaekwondofed.gov.tr\/2025-yildizlar-milli-takim-secme-kriterleri\/\" data-type=\"link\" data-id=\"https:\/\/turkiyetaekwondofed.gov.tr\/2025-yildizlar-milli-takim-secme-kriterleri\/\">YILDIZLAR M\u0130LL\u0130 TAKIM SE\u00c7ME KR\u0130TERLER\u0130<\/a><\/p>\n<p><a href=\"https:\/\/turkiyetaekwondofed.gov.tr\/para-taekwondo-ve-para-poomsae-milli-takim-secme-kriterleri\/\" data-type=\"link\" data-id=\"https:\/\/turkiyetaekwondofed.gov.tr\/para-taekwondo-ve-para-poomsae-milli-takim-secme-kriterleri\/\">PARA TAEKWONDO VE PARA POOMSAE M\u0130LL\u0130 TAKIM SE\u00c7ME KR\u0130TERLER\u0130<\/a><\/p>\n","protected":false},"excerpt":{"rendered":"<p>Federasyonumuz taraf\u0131ndan duyurulan milli tak\u0131m se\u00e7me kriterleri \u015fu \u015fekildedir; ***2025 YILI*** B\u00dcY\u00dcKLER M\u0130LL\u0130 TAKIM SE\u00c7ME KR\u0130TERLER\u0130 GEN\u00c7LER M\u0130LL\u0130 TAKIM SE\u00c7ME KR\u0130TERLER\u0130 YILDIZLAR M\u0130LL\u0130 TAKIM SE\u00c7ME KR\u0130TERLER\u0130 PARA TAEKWONDO VE PARA POOMSAE M\u0130LL\u0130 TAKIM SE\u00c7ME KR\u0130TERLER\u0130<\/p>\n","protected":false},"author":1,"featured_media":377,"comment_status":"open","ping_status":"open","sticky":false,"template":"","format":"standard","meta":{"footnotes":""},"categories":[4],"tags":[],"class_list":["post-376","post","type-post","status-publish","format-standard","has-post-thumbnail","hentry","category-ttf"],"_links":{"self":[{"href":"https:\/\/taekwondohaber.com\/index.php\/wp-json\/wp\/v2\/posts\/376","targetHints":{"allow":["GET"]}}],"collection":[{"href":"https:\/\/taekwondohaber.com\/index.php\/wp-json\/wp\/v2\/posts"}],"about":[{"href":"https:\/\/taekwondohaber.com\/index.php\/wp-json\/wp\/v2\/types\/post"}],"author":[{"embeddable":true,"href":"https:\/\/taekwondohaber.com\/index.php\/wp-json\/wp\/v2\/users\/1"}],"replies":[{"embeddable":true,"href":"https:\/\/taekwondohaber.com\/index.php\/wp-json\/wp\/v2\/comments?post=376"}],"version-history":[{"count":1,"href":"https:\/\/taekwondohaber.com\/index.php\/wp-json\/wp\/v2\/posts\/376\/revisions"}],"predecessor-version":[{"id":378,"href":"https:\/\/taekwondohaber.com\/index.php\/wp-json\/wp\/v2\/posts\/376\/revisions\/378"}],"wp:featuredmedia":[{"embeddable":true,"href":"https:\/\/taekwondohaber.com\/index.php\/wp-json\/wp\/v2\/media\/377"}],"wp:attachment":[{"href":"https:\/\/taekwondohaber.com\/index.php\/wp-json\/wp\/v2\/media?parent=376"}],"wp:term":[{"taxonomy":"category","embeddable":true,"href":"https:\/\/taekwondohaber.com\/index.php\/wp-json\/wp\/v2\/categories?post=376"},{"taxonomy":"post_tag","embeddable":true,"href":"https:\/\/taekwondohaber.com\/index.php\/wp-json\/wp\/v2\/tags?post=376"}],"curies":[{"name":"wp","href":"https:\/\/api.w.org\/{rel}","templated":true}]}}