{"id":379,"date":"2025-01-27T23:21:49","date_gmt":"2025-01-27T20:21:49","guid":{"rendered":"https:\/\/taekwondohaber.com\/?p=379"},"modified":"2025-01-27T23:22:00","modified_gmt":"2025-01-27T20:22:00","slug":"para-taekwondo-siklet-degisimi","status":"publish","type":"post","link":"https:\/\/taekwondohaber.com\/index.php\/2025\/01\/27\/para-taekwondo-siklet-degisimi\/","title":{"rendered":"Para Taekwondo S\u0131klet De\u011fi\u015fimi"},"content":{"rendered":"<p>2025 y\u0131l\u0131 Para Taekwondo bran\u015f\u0131 s\u0131klet de\u011fi\u015fimi yapmak isteyen sporcular\u0131m\u0131z\u0131n en son 23 Ocak 2025 tarihi mesai saatinin bitimine kadar taekwondo@gsb.gov.tr e-posta adresine a\u015fa\u011f\u0131da yer alan s\u0131klet de\u011fi\u015fim dilek\u00e7elerini iletmeleri gerekmektedir.<\/p>\n<p><strong><a href=\"https:\/\/turkiyetaekwondofed.gov.tr\/wp-content\/uploads\/2025\/01\/TURKIYE-TAEKWONDO-FEDERASYONU-BASKANLIGI-1.docx\" data-type=\"link\" data-id=\"https:\/\/turkiyetaekwondofed.gov.tr\/wp-content\/uploads\/2025\/01\/TURKIYE-TAEKWONDO-FEDERASYONU-BASKANLIGI-1.docx\">D\u0130LEK\u00c7E \u0130\u00c7\u0130N TIKLAYINIZ<\/a><\/strong><\/p>\n","protected":false},"excerpt":{"rendered":"<p>2025 y\u0131l\u0131 Para Taekwondo bran\u015f\u0131 s\u0131klet de\u011fi\u015fimi yapmak isteyen sporcular\u0131m\u0131z\u0131n en son 23 Ocak 2025 tarihi mesai saatinin bitimine kadar taekwondo@gsb.gov.tr e-posta adresine a\u015fa\u011f\u0131da yer alan s\u0131klet de\u011fi\u015fim dilek\u00e7elerini iletmeleri gerekmektedir. D\u0130LEK\u00c7E \u0130\u00c7\u0130N TIKLAYINIZ<\/p>\n","protected":false},"author":1,"featured_media":377,"comment_status":"open","ping_status":"open","sticky":false,"template":"","format":"standard","meta":{"footnotes":""},"categories":[1],"tags":[],"class_list":["post-379","post","type-post","status-publish","format-standard","has-post-thumbnail","hentry","category-genel"],"_links":{"self":[{"href":"https:\/\/taekwondohaber.com\/index.php\/wp-json\/wp\/v2\/posts\/379","targetHints":{"allow":["GET"]}}],"collection":[{"href":"https:\/\/taekwondohaber.com\/index.php\/wp-json\/wp\/v2\/posts"}],"about":[{"href":"https:\/\/taekwondohaber.com\/index.php\/wp-json\/wp\/v2\/types\/post"}],"author":[{"embeddable":true,"href":"https:\/\/taekwondohaber.com\/index.php\/wp-json\/wp\/v2\/users\/1"}],"replies":[{"embeddable":true,"href":"https:\/\/taekwondohaber.com\/index.php\/wp-json\/wp\/v2\/comments?post=379"}],"version-history":[{"count":1,"href":"https:\/\/taekwondohaber.com\/index.php\/wp-json\/wp\/v2\/posts\/379\/revisions"}],"predecessor-version":[{"id":380,"href":"https:\/\/taekwondohaber.com\/index.php\/wp-json\/wp\/v2\/posts\/379\/revisions\/380"}],"wp:featuredmedia":[{"embeddable":true,"href":"https:\/\/taekwondohaber.com\/index.php\/wp-json\/wp\/v2\/media\/377"}],"wp:attachment":[{"href":"https:\/\/taekwondohaber.com\/index.php\/wp-json\/wp\/v2\/media?parent=379"}],"wp:term":[{"taxonomy":"category","embeddable":true,"href":"https:\/\/taekwondohaber.com\/index.php\/wp-json\/wp\/v2\/categories?post=379"},{"taxonomy":"post_tag","embeddable":true,"href":"https:\/\/taekwondohaber.com\/index.php\/wp-json\/wp\/v2\/tags?post=379"}],"curies":[{"name":"wp","href":"https:\/\/api.w.org\/{rel}","templated":true}]}}