{"id":454,"date":"2026-03-03T12:08:12","date_gmt":"2026-03-03T09:08:12","guid":{"rendered":"https:\/\/taekwondohaber.com\/?p=454"},"modified":"2026-03-03T12:08:12","modified_gmt":"2026-03-03T09:08:12","slug":"federasyonumuzdan-egitime-destek","status":"publish","type":"post","link":"https:\/\/taekwondohaber.com\/index.php\/2026\/03\/03\/federasyonumuzdan-egitime-destek\/","title":{"rendered":"Federasyonumuzdan E\u011fitime Destek"},"content":{"rendered":"<p>Federasyonumuz e\u011fitime verdi\u011fi destek do\u011frultusunda alan\u0131nda k\u00f6kl\u00fc kurumlardan Karacan Akademi ile anla\u015fmaya vard\u0131.<\/p>\n<p>Anla\u015fma do\u011frultusunda Karacan Akademi\u2019de 2026 y\u0131l\u0131 boyunca T\u00fcrkiye Taekwondo Federasyonu\u2019na \u00f6zel olarak y\u00fczde 25\u2019e varan indirim uygulanacak.<\/p>\n<p>Ankara\u2019da 1983\u2019ten bu yana hizmet veren Karacan Akademi\u2019nin e\u011fitim programlar\u0131 \u015fu \u015fekilde;<\/p>\n<p>*(6, 7, 8. S\u0131n\u0131flar) LGS Haz\u0131rl\u0131k<br \/>\n*(9, 10, 11, 12. S\u0131n\u0131flar ve Mezun Gruplar) TYT \u2013 AYT \u2013 YDT Haz\u0131rl\u0131k<br \/>\n*Bursluluk ve Di\u011fer Merkezi S\u0131navlara Haz\u0131rl\u0131k<br \/>\n*KPSS Orta\u00f6\u011fretim Haz\u0131rl\u0131k<br \/>\n*H\u0131zl\u0131 Okuma<br \/>\n*Yapay Zeka Destekli Ak\u0131ll\u0131 S\u0131nav E\u011fitim Program\u0131<\/p>\n<p>Karacan Akademi\u2019ye\u00a0<strong><a href=\"https:\/\/karacanakademi.com.tr\/\" target=\"_blank\" rel=\"noreferrer noopener\" data-type=\"link\" data-id=\"https:\/\/karacanakademi.com.tr\/\">www.karacanakademi.com.tr\u00a0<\/a><\/strong>web adresinden ve 0312 435 96 00 numaral\u0131 telefondan ula\u015fabilirsiniz.<\/p>\n<p><strong><a href=\"https:\/\/forms.gle\/GoCwDKgfVwd1MEyG9\" target=\"_blank\" rel=\"noreferrer noopener\" data-type=\"link\" data-id=\"https:\/\/forms.gle\/GoCwDKgfVwd1MEyG9\">AKILLI SINAV E\u011e\u0130T\u0130M PAKET\u0130YLE \u0130LG\u0130L\u0130 B\u0130LG\u0130 ALMAK \u0130\u00c7\u0130N TIKLAYINIZ<\/a><\/strong><\/p>\n","protected":false},"excerpt":{"rendered":"<p>Federasyonumuz e\u011fitime verdi\u011fi destek do\u011frultusunda alan\u0131nda k\u00f6kl\u00fc kurumlardan Karacan Akademi ile anla\u015fmaya vard\u0131. Anla\u015fma do\u011frultusunda Karacan Akademi\u2019de 2026 y\u0131l\u0131 boyunca T\u00fcrkiye Taekwondo Federasyonu\u2019na \u00f6zel olarak y\u00fczde 25\u2019e varan indirim uygulanacak. Ankara\u2019da 1983\u2019ten bu yana hizmet veren Karacan Akademi\u2019nin e\u011fitim programlar\u0131 \u015fu \u015fekilde; *(6, 7, 8. S\u0131n\u0131flar) LGS Haz\u0131rl\u0131k *(9, 10, 11, 12. S\u0131n\u0131flar ve Mezun [&hellip;]<\/p>\n","protected":false},"author":1,"featured_media":455,"comment_status":"open","ping_status":"open","sticky":false,"template":"","format":"standard","meta":{"footnotes":""},"categories":[4],"tags":[],"class_list":["post-454","post","type-post","status-publish","format-standard","has-post-thumbnail","hentry","category-ttf"],"_links":{"self":[{"href":"https:\/\/taekwondohaber.com\/index.php\/wp-json\/wp\/v2\/posts\/454","targetHints":{"allow":["GET"]}}],"collection":[{"href":"https:\/\/taekwondohaber.com\/index.php\/wp-json\/wp\/v2\/posts"}],"about":[{"href":"https:\/\/taekwondohaber.com\/index.php\/wp-json\/wp\/v2\/types\/post"}],"author":[{"embeddable":true,"href":"https:\/\/taekwondohaber.com\/index.php\/wp-json\/wp\/v2\/users\/1"}],"replies":[{"embeddable":true,"href":"https:\/\/taekwondohaber.com\/index.php\/wp-json\/wp\/v2\/comments?post=454"}],"version-history":[{"count":1,"href":"https:\/\/taekwondohaber.com\/index.php\/wp-json\/wp\/v2\/posts\/454\/revisions"}],"predecessor-version":[{"id":456,"href":"https:\/\/taekwondohaber.com\/index.php\/wp-json\/wp\/v2\/posts\/454\/revisions\/456"}],"wp:featuredmedia":[{"embeddable":true,"href":"https:\/\/taekwondohaber.com\/index.php\/wp-json\/wp\/v2\/media\/455"}],"wp:attachment":[{"href":"https:\/\/taekwondohaber.com\/index.php\/wp-json\/wp\/v2\/media?parent=454"}],"wp:term":[{"taxonomy":"category","embeddable":true,"href":"https:\/\/taekwondohaber.com\/index.php\/wp-json\/wp\/v2\/categories?post=454"},{"taxonomy":"post_tag","embeddable":true,"href":"https:\/\/taekwondohaber.com\/index.php\/wp-json\/wp\/v2\/tags?post=454"}],"curies":[{"name":"wp","href":"https:\/\/api.w.org\/{rel}","templated":true}]}}