{"id":457,"date":"2026-03-03T12:08:56","date_gmt":"2026-03-03T09:08:56","guid":{"rendered":"https:\/\/taekwondohaber.com\/?p=457"},"modified":"2026-03-03T12:08:56","modified_gmt":"2026-03-03T09:08:56","slug":"paralimpik-siklet-degisikligi","status":"publish","type":"post","link":"https:\/\/taekwondohaber.com\/index.php\/2026\/03\/03\/paralimpik-siklet-degisikligi\/","title":{"rendered":"Paralimpik S\u0131klet De\u011fi\u015fikli\u011fi"},"content":{"rendered":"<p>2026 y\u0131l\u0131 Olimpik s\u0131kletlerini de\u011fi\u015ftirmek isteyen Para Taekwondo Sporcular\u0131m\u0131z\u0131n,<\/p>\n<p>-Ayr\u0131ca daha \u00f6ncesinde olimpik s\u0131klet belirlemeyip, uluslararas\u0131 ma\u00e7lara kat\u0131lacak olan sporcular\u0131m\u0131z\u0131n D\u00fcnya S\u0131ralamas\u0131nda puanlar\u0131n\u0131n i\u015flenebilmesi i\u00e7in, en son 23 Ocak Cuma 2026 mesai saatinin bitimine kadar\u00a0dorukekinfirat@taekwondo.org.tr e-posta adresine s\u0131klet de\u011fi\u015fim dilek\u00e7elerini iletmeleri gerekmektedir.<\/p>\n<p><strong>Not: S\u0131klet de\u011fi\u015fikli\u011finde eski s\u0131klette toplanan puanlar\u0131n %75\u2019i yeni s\u0131klete aktar\u0131lacakt\u0131r.<\/strong><\/p>\n<p><strong>Paralimpik Kilo Kategorileri<\/strong><br \/>\nBayanlar K44: -47Kg, -52Kg, -57Kg,-65Kg,+65Kg<br \/>\nErkekler K44:-58Kg, -63 Kg, -70Kg, -80Kg, +80Kg<\/p>\n<p>&nbsp;<\/p>\n<p class=\"has-medium-font-size\"><strong><a href=\"https:\/\/turkiyetaekwondofed.gov.tr\/wp-content\/uploads\/2026\/01\/TURKIYE-TAEKWONDO-FEDERASYONU-BASKANLIGI.docx\" target=\"_blank\" rel=\"noreferrer noopener\" data-type=\"link\" data-id=\"https:\/\/turkiyetaekwondofed.gov.tr\/wp-content\/uploads\/2026\/01\/TURKIYE-TAEKWONDO-FEDERASYONU-BASKANLIGI.docx\">D\u0130LEK\u00c7E \u0130\u00c7\u0130N TIKLAYINIZ<\/a><\/strong><\/p>\n","protected":false},"excerpt":{"rendered":"<p>2026 y\u0131l\u0131 Olimpik s\u0131kletlerini de\u011fi\u015ftirmek isteyen Para Taekwondo Sporcular\u0131m\u0131z\u0131n, -Ayr\u0131ca daha \u00f6ncesinde olimpik s\u0131klet belirlemeyip, uluslararas\u0131 ma\u00e7lara kat\u0131lacak olan sporcular\u0131m\u0131z\u0131n D\u00fcnya S\u0131ralamas\u0131nda puanlar\u0131n\u0131n i\u015flenebilmesi i\u00e7in, en son 23 Ocak Cuma 2026 mesai saatinin bitimine kadar\u00a0dorukekinfirat@taekwondo.org.tr e-posta adresine s\u0131klet de\u011fi\u015fim dilek\u00e7elerini iletmeleri gerekmektedir. Not: S\u0131klet de\u011fi\u015fikli\u011finde eski s\u0131klette toplanan puanlar\u0131n %75\u2019i yeni s\u0131klete aktar\u0131lacakt\u0131r. Paralimpik Kilo [&hellip;]<\/p>\n","protected":false},"author":1,"featured_media":377,"comment_status":"open","ping_status":"open","sticky":false,"template":"","format":"standard","meta":{"footnotes":""},"categories":[4],"tags":[],"class_list":["post-457","post","type-post","status-publish","format-standard","has-post-thumbnail","hentry","category-ttf"],"_links":{"self":[{"href":"https:\/\/taekwondohaber.com\/index.php\/wp-json\/wp\/v2\/posts\/457","targetHints":{"allow":["GET"]}}],"collection":[{"href":"https:\/\/taekwondohaber.com\/index.php\/wp-json\/wp\/v2\/posts"}],"about":[{"href":"https:\/\/taekwondohaber.com\/index.php\/wp-json\/wp\/v2\/types\/post"}],"author":[{"embeddable":true,"href":"https:\/\/taekwondohaber.com\/index.php\/wp-json\/wp\/v2\/users\/1"}],"replies":[{"embeddable":true,"href":"https:\/\/taekwondohaber.com\/index.php\/wp-json\/wp\/v2\/comments?post=457"}],"version-history":[{"count":1,"href":"https:\/\/taekwondohaber.com\/index.php\/wp-json\/wp\/v2\/posts\/457\/revisions"}],"predecessor-version":[{"id":458,"href":"https:\/\/taekwondohaber.com\/index.php\/wp-json\/wp\/v2\/posts\/457\/revisions\/458"}],"wp:featuredmedia":[{"embeddable":true,"href":"https:\/\/taekwondohaber.com\/index.php\/wp-json\/wp\/v2\/media\/377"}],"wp:attachment":[{"href":"https:\/\/taekwondohaber.com\/index.php\/wp-json\/wp\/v2\/media?parent=457"}],"wp:term":[{"taxonomy":"category","embeddable":true,"href":"https:\/\/taekwondohaber.com\/index.php\/wp-json\/wp\/v2\/categories?post=457"},{"taxonomy":"post_tag","embeddable":true,"href":"https:\/\/taekwondohaber.com\/index.php\/wp-json\/wp\/v2\/tags?post=457"}],"curies":[{"name":"wp","href":"https:\/\/api.w.org\/{rel}","templated":true}]}}