{"id":467,"date":"2026-03-03T12:13:07","date_gmt":"2026-03-03T09:13:07","guid":{"rendered":"https:\/\/taekwondohaber.com\/?p=467"},"modified":"2026-03-03T12:13:07","modified_gmt":"2026-03-03T09:13:07","slug":"2026-gencler-taekwondo-grup-musabakalari","status":"publish","type":"post","link":"https:\/\/taekwondohaber.com\/index.php\/2026\/03\/03\/2026-gencler-taekwondo-grup-musabakalari\/","title":{"rendered":"2026 Gen\u00e7ler Taekwondo Grup M\u00fcsabakalar\u0131"},"content":{"rendered":"<p>T\u00fcrkiye Taekwondo Federasyonu\u2019nun 2026 Y\u0131l\u0131 Faaliyet Program\u0131nda yer alan Gen\u00e7ler Taekwondo Grup M\u00fcsabakalar\u0131; Ankara Grubu 16-18 Ocak 2026, \u0130stanbul Grubu 28 Ocak-01 \u015eubat 2026, Do\u011fu Grubu 11-13 Ocak 2026 Alanya ve Bat\u0131 Grubu 23-25 Ocak Alanya olmak \u00fczere 4 farkl\u0131 grup halinde \u00a0yap\u0131lmas\u0131 planlanmaktad\u0131r.<\/p>\n<p><strong><mark class=\"has-inline-color has-vivid-red-color\">Ankara Grubu ve \u0130stanbul Grubu; B\u00fcy\u00fckler, Gen\u00e7ler ve Y\u0131ld\u0131zlar Taekwondo Grup M\u00fcsabakalar\u0131 \u201cDaedo(GEN2) Elektronik Sistem\u201d ile yap\u0131lacakt\u0131r.<\/p>\n<p>Do\u011fu Grubu ve Bat\u0131 Grubu; B\u00fcy\u00fckler, Gen\u00e7ler ve Y\u0131ld\u0131zlar Taekwondo Grup M\u00fcsabakalar\u0131 \u201cDaedo(GEN3) Elektronik Sistem\u201d ile yap\u0131lacakt\u0131r.<\/mark><\/strong><\/p>\n<p class=\"has-medium-font-size\"><strong>ANKARA GRUBU<\/strong>\u00a0(16-18 OCAK 2026)<\/p>\n<p>1.G\u00dcN:\u00a0<a href=\"https:\/\/turkiyetaekwondofed.gov.tr\/wp-content\/uploads\/2026\/01\/GENCLER-1-GUN-BIRLESTIRILMIS.pdf\" target=\"_blank\" rel=\"noreferrer noopener\" data-type=\"link\" data-id=\"https:\/\/turkiyetaekwondofed.gov.tr\/wp-content\/uploads\/2026\/01\/GENCLER-1-GUN-BIRLESTIRILMIS.pdf\">KURALAR<\/a>\u00a0\/\u00a0<a href=\"https:\/\/turkiyetaekwondofed.gov.tr\/wp-content\/uploads\/2026\/01\/ankara-gencler-1-gun-ilk-8.pdf\" target=\"_blank\" rel=\"noreferrer noopener\" data-type=\"link\" data-id=\"https:\/\/turkiyetaekwondofed.gov.tr\/wp-content\/uploads\/2026\/01\/ankara-gencler-1-gun-ilk-8.pdf\">SONU\u00c7LAR<\/a><\/p>\n<p>2.G\u00dcN:\u00a0<a href=\"https:\/\/turkiyetaekwondofed.gov.tr\/wp-content\/uploads\/2026\/01\/gencler-2-gun-birlestirilmis.pdf\" target=\"_blank\" rel=\"noreferrer noopener\" data-type=\"link\" data-id=\"https:\/\/turkiyetaekwondofed.gov.tr\/wp-content\/uploads\/2026\/01\/gencler-2-gun-birlestirilmis.pdf\">KURALAR<\/a>\u00a0\/\u00a0<a href=\"https:\/\/turkiyetaekwondofed.gov.tr\/wp-content\/uploads\/2026\/01\/ANKARA-GENCLER-2.GUN-ILK-8.pdf\" target=\"_blank\" rel=\"noreferrer noopener\" data-type=\"link\" data-id=\"https:\/\/turkiyetaekwondofed.gov.tr\/wp-content\/uploads\/2026\/01\/ANKARA-GENCLER-2.GUN-ILK-8.pdf\">SONU\u00c7LAR<\/a><\/p>\n<p>3.G\u00dcN:\u00a0<a href=\"https:\/\/turkiyetaekwondofed.gov.tr\/wp-content\/uploads\/2026\/01\/GENCLER-3-GUN-BIRLESTIRILMIS-1.pdf\" target=\"_blank\" rel=\"noreferrer noopener\" data-type=\"link\" data-id=\"https:\/\/turkiyetaekwondofed.gov.tr\/wp-content\/uploads\/2026\/01\/GENCLER-3-GUN-BIRLESTIRILMIS-1.pdf\">KURALAR<\/a>\u00a0\/\u00a0<a href=\"https:\/\/turkiyetaekwondofed.gov.tr\/wp-content\/uploads\/2026\/01\/ankara-gencler-3.gun-ilk-8.pdf\" target=\"_blank\" rel=\"noreferrer noopener\" data-type=\"link\" data-id=\"https:\/\/turkiyetaekwondofed.gov.tr\/wp-content\/uploads\/2026\/01\/ankara-gencler-3.gun-ilk-8.pdf\">SONU\u00c7LAR<\/a><\/p>\n<p class=\"has-medium-font-size\"><strong>\u0130STANBUL GRUBU\u00a0<\/strong>(28 OCAK \u2013 01 \u015eUBAT 2026)<\/p>\n<p>1.G\u00dcN:\u00a0<a href=\"https:\/\/turkiyetaekwondofed.gov.tr\/wp-content\/uploads\/2026\/01\/Adobe-Scan-27-Oca-2026.pdf\" target=\"_blank\" rel=\"noreferrer noopener\" data-type=\"link\" data-id=\"https:\/\/turkiyetaekwondofed.gov.tr\/wp-content\/uploads\/2026\/01\/Adobe-Scan-27-Oca-2026.pdf\">KURALAR<\/a>\u00a0\/\u00a0<a href=\"https:\/\/turkiyetaekwondofed.gov.tr\/wp-content\/uploads\/2026\/01\/istanbul-gencler-1.gun-ilk-8.pdf\" target=\"_blank\" rel=\"noreferrer noopener\" data-type=\"link\" data-id=\"https:\/\/turkiyetaekwondofed.gov.tr\/wp-content\/uploads\/2026\/01\/istanbul-gencler-1.gun-ilk-8.pdf\">SONU\u00c7LAR<\/a><\/p>\n<p>2.G\u00dcN:\u00a0<a href=\"https:\/\/turkiyetaekwondofed.gov.tr\/wp-content\/uploads\/2026\/01\/29-OCAK-TARTI.pdf\" target=\"_blank\" rel=\"noreferrer noopener\" data-type=\"link\" data-id=\"https:\/\/turkiyetaekwondofed.gov.tr\/wp-content\/uploads\/2026\/01\/29-OCAK-TARTI.pdf\">KURALAR<\/a>\u00a0\/\u00a0<a href=\"https:\/\/turkiyetaekwondofed.gov.tr\/wp-content\/uploads\/2026\/01\/istanbul-gencler-2.gun-ilk-8.pdf\" target=\"_blank\" rel=\"noreferrer noopener\" data-type=\"link\" data-id=\"https:\/\/turkiyetaekwondofed.gov.tr\/wp-content\/uploads\/2026\/01\/istanbul-gencler-2.gun-ilk-8.pdf\">SONU\u00c7LAR<\/a><\/p>\n<p>3.G\u00dcN:\u00a0<a href=\"https:\/\/turkiyetaekwondofed.gov.tr\/wp-content\/uploads\/2026\/01\/30-OCAK-KURA.pdf\" target=\"_blank\" rel=\"noreferrer noopener\" data-type=\"link\" data-id=\"https:\/\/turkiyetaekwondofed.gov.tr\/wp-content\/uploads\/2026\/01\/30-OCAK-KURA.pdf\">KURALAR<\/a>\u00a0\/\u00a0<a href=\"https:\/\/turkiyetaekwondofed.gov.tr\/wp-content\/uploads\/2026\/01\/3.GUN-TTF-GENCLER-SONUCLARI-1.pdf\" target=\"_blank\" rel=\"noreferrer noopener\" data-type=\"link\" data-id=\"https:\/\/turkiyetaekwondofed.gov.tr\/wp-content\/uploads\/2026\/01\/3.GUN-TTF-GENCLER-SONUCLARI-1.pdf\">SONU\u00c7LAR<\/a><\/p>\n<p>4.G\u00dcN:\u00a0<a href=\"https:\/\/turkiyetaekwondofed.gov.tr\/wp-content\/uploads\/2026\/01\/31-ocak-kura.pdf\" target=\"_blank\" rel=\"noreferrer noopener\" data-type=\"link\" data-id=\"https:\/\/turkiyetaekwondofed.gov.tr\/wp-content\/uploads\/2026\/01\/31-ocak-kura.pdf\">KURALAR<\/a>\u00a0\/\u00a0<a href=\"https:\/\/turkiyetaekwondofed.gov.tr\/wp-content\/uploads\/2026\/01\/4.GUN-TTF-GENCLER-SONUCLARI-1.xlsx.pdf\" target=\"_blank\" rel=\"noreferrer noopener\" data-type=\"link\" data-id=\"https:\/\/turkiyetaekwondofed.gov.tr\/wp-content\/uploads\/2026\/01\/4.GUN-TTF-GENCLER-SONUCLARI-1.xlsx.pdf\">SONU\u00c7LAR<\/a><\/p>\n<p>5.G\u00dcN:\u00a0<a href=\"https:\/\/turkiyetaekwondofed.gov.tr\/wp-content\/uploads\/2026\/01\/WhatsApp-Scan-2026-01-31-at-16.53.52.pdf\" target=\"_blank\" rel=\"noreferrer noopener\" data-type=\"link\" data-id=\"https:\/\/turkiyetaekwondofed.gov.tr\/wp-content\/uploads\/2026\/01\/WhatsApp-Scan-2026-01-31-at-16.53.52.pdf\">KURALAR<\/a>\u00a0\/\u00a0<a href=\"https:\/\/turkiyetaekwondofed.gov.tr\/wp-content\/uploads\/2026\/02\/5.GUN-TTF-GENCLER-SONUCLARI.pdf\" target=\"_blank\" rel=\"noreferrer noopener\" data-type=\"link\" data-id=\"https:\/\/turkiyetaekwondofed.gov.tr\/wp-content\/uploads\/2026\/02\/5.GUN-TTF-GENCLER-SONUCLARI.pdf\">SONU\u00c7LAR<\/a><\/p>\n<p class=\"has-medium-font-size\"><strong>DO\u011eU GRUBU<\/strong>\u00a0(11-13 OCAK 2026)<\/p>\n<p>1.G\u00dcN:\u00a0<a href=\"https:\/\/turkiyetaekwondofed.gov.tr\/wp-content\/uploads\/2026\/01\/Drawsheets-Sunday-Day-1.pdf\" data-type=\"link\" data-id=\"https:\/\/turkiyetaekwondofed.gov.tr\/wp-content\/uploads\/2026\/01\/Drawsheets-Sunday-Day-1.pdf\">KURALAR<\/a>\u00a0\/\u00a0<a href=\"https:\/\/turkiyetaekwondofed.gov.tr\/wp-content\/uploads\/2026\/01\/1.gun-random.pdf\" target=\"_blank\" rel=\"noreferrer noopener\" data-type=\"link\" data-id=\"https:\/\/turkiyetaekwondofed.gov.tr\/wp-content\/uploads\/2026\/01\/1.gun-random.pdf\">RANDOM TARTI<\/a>\u00a0\/\u00a0<a href=\"https:\/\/turkiyetaekwondofed.gov.tr\/wp-content\/uploads\/2026\/01\/1-16.pdf\">SONU\u00c7LAR<\/a><\/p>\n<p>2.G\u00dcN:\u00a0<a href=\"https:\/\/turkiyetaekwondofed.gov.tr\/wp-content\/uploads\/2026\/01\/Drawsheets-Monday-Day-2.pdf\">KURALAR<\/a>\u00a0\/\u00a0<a href=\"https:\/\/turkiyetaekwondofed.gov.tr\/wp-content\/uploads\/2026\/01\/2.gun-random.pdf\" target=\"_blank\" rel=\"noreferrer noopener\" data-type=\"link\" data-id=\"https:\/\/turkiyetaekwondofed.gov.tr\/wp-content\/uploads\/2026\/01\/2.gun-random.pdf\">RANDOM TARTI<\/a>\u00a0\/<a href=\"https:\/\/turkiyetaekwondofed.gov.tr\/wp-content\/uploads\/2026\/01\/2-16.pdf\">\u00a0SONU\u00c7LAR<\/a><\/p>\n<p>3.G\u00dcN:\u00a0<a href=\"https:\/\/turkiyetaekwondofed.gov.tr\/wp-content\/uploads\/2026\/01\/Drawsheets-Tuesday-Day-3.pdf\">KURALAR<\/a>\u00a0\/\u00a0<a href=\"https:\/\/turkiyetaekwondofed.gov.tr\/wp-content\/uploads\/2026\/01\/3gun-random.pdf\">RANDOM TARTI\u00a0<\/a>\/\u00a0<a href=\"https:\/\/turkiyetaekwondofed.gov.tr\/wp-content\/uploads\/2026\/01\/3-16.pdf\">SONU\u00c7LAR<\/a><\/p>\n<p class=\"has-medium-font-size\"><strong>BATI GRUBU\u00a0<\/strong>(23-25 OCAK 2026)<\/p>\n<p>1.G\u00dcN:\u00a0<a href=\"https:\/\/turkiyetaekwondofed.gov.tr\/wp-content\/uploads\/2026\/01\/Drawsheets-Friday-Day-1.pdf\">KURALAR<\/a>\u00a0\/\u00a0<a href=\"https:\/\/turkiyetaekwondofed.gov.tr\/wp-content\/uploads\/2026\/01\/1.gun-random-3.pdf\">RANDOM TARTI<\/a>\u00a0\/\u00a0<a href=\"https:\/\/turkiyetaekwondofed.gov.tr\/wp-content\/uploads\/2026\/01\/1-16-3.pdf\">SONU\u00c7LAR<\/a><\/p>\n<p>2.G\u00dcN:\u00a0<a href=\"https:\/\/turkiyetaekwondofed.gov.tr\/wp-content\/uploads\/2026\/01\/Drawsheets-Saturday-Day-2.pdf\">KURALAR<\/a>\u00a0\/\u00a0<a href=\"https:\/\/turkiyetaekwondofed.gov.tr\/wp-content\/uploads\/2026\/01\/2.gun-random-3.pdf\">RANDOM TARTI<\/a>\u00a0\/\u00a0<a href=\"https:\/\/turkiyetaekwondofed.gov.tr\/wp-content\/uploads\/2026\/01\/2-16-2.pdf\">SONU\u00c7LAR<\/a><\/p>\n<p>3.G\u00dcN:\u00a0<a href=\"https:\/\/turkiyetaekwondofed.gov.tr\/wp-content\/uploads\/2026\/01\/Drawsheets-Sunday-Day-3.pdf\">KURALAR<\/a>\u00a0\/\u00a0<a href=\"https:\/\/turkiyetaekwondofed.gov.tr\/wp-content\/uploads\/2026\/01\/3.gun-random.pdf\">RANDOM TARTI<\/a>\u00a0\/\u00a0<a href=\"https:\/\/turkiyetaekwondofed.gov.tr\/wp-content\/uploads\/2026\/01\/bati-grubu-gencler-3.gun-ilk-16-grubu.pdf\">SONU\u00c7LAR<\/a><\/p>\n<p>*****<\/p>\n<p class=\"has-medium-font-size\"><strong>M\u00fcsabaka Programlar\u0131 ve Online Kay\u0131t<\/strong><\/p>\n<p><strong><a href=\"https:\/\/turkiyetaekwondofed.gov.tr\/wp-content\/uploads\/2026\/01\/ankara-gencler-1-1.docx\" target=\"_blank\" rel=\"noreferrer noopener\" data-type=\"link\" data-id=\"https:\/\/turkiyetaekwondofed.gov.tr\/wp-content\/uploads\/2026\/01\/ankara-gencler-1-1.docx\">GEN\u00c7LER TAEKWONDO ANKARA GRUBU M\u00dcSABAKALARI 16-18 OCAK 2026<\/a><\/strong><\/p>\n<p><strong><a href=\"https:\/\/turkiyetaekwondofed.gov.tr\/wp-content\/uploads\/2026\/01\/istanbul-gencler-1-1.docx\" target=\"_blank\" rel=\"noreferrer noopener\" data-type=\"link\" data-id=\"https:\/\/turkiyetaekwondofed.gov.tr\/wp-content\/uploads\/2026\/01\/istanbul-gencler-1-1.docx\">GEN\u00c7LER TAEKWONDO \u0130STANBUL GRUBU M\u00dcSABAKALARI 28 OCAK-01 \u015eUBAT 2026<\/a><\/strong><\/p>\n<p><strong><a href=\"https:\/\/turkiyetaekwondofed.gov.tr\/wp-content\/uploads\/2026\/01\/dogu-gencler-1.docx\" target=\"_blank\" rel=\"noreferrer noopener\" data-type=\"link\" data-id=\"https:\/\/turkiyetaekwondofed.gov.tr\/wp-content\/uploads\/2026\/01\/dogu-gencler-1.docx\">GEN\u00c7LER TAEKWONDO DO\u011eU GRUBU M\u00dcSABAKALARI 11-13 OCAK 2026<\/a><\/strong><\/p>\n<p><strong><a href=\"https:\/\/turkiyetaekwondofed.gov.tr\/wp-content\/uploads\/2026\/01\/bati-gencler-1.docx\" target=\"_blank\" rel=\"noreferrer noopener\" data-type=\"link\" data-id=\"https:\/\/turkiyetaekwondofed.gov.tr\/wp-content\/uploads\/2026\/01\/bati-gencler-1.docx\">GEN\u00c7LER TAEKWONDO BATI GRUBU M\u00dcSABAKALARI 23-25 OCAK 2026<\/a><\/strong><\/p>\n<p>***<\/p>\n<p><strong><a href=\"https:\/\/turkiyetaekwondofed.gov.tr\/wp-content\/uploads\/2026\/01\/FerdiDilekce_2026-genc-1.docx\" target=\"_blank\" rel=\"noreferrer noopener\" data-type=\"link\" data-id=\"https:\/\/turkiyetaekwondofed.gov.tr\/wp-content\/uploads\/2026\/01\/FerdiDilekce_2026-genc-1.docx\">Ferdi sporcular\u0131n kat\u0131l\u0131m dilek\u00e7esi i\u00e7in t\u0131klay\u0131n\u0131z.<\/a><\/strong><\/p>\n<p><strong><a href=\"https:\/\/www.taekwondoturkiye.com\/kayittae\/Sinav.asp\" target=\"_blank\" rel=\"noreferrer noopener\">M\u00fcsabakalara online kay\u0131t yapt\u0131rmak i\u00e7in t\u0131klay\u0131n\u0131z.<\/a><\/strong><\/p>\n<p>***<\/p>\n<p><strong><a href=\"https:\/\/turkiyetaekwondofed.gov.tr\/wp-content\/uploads\/2025\/12\/grup-iller.pdf\" target=\"_blank\" rel=\"noreferrer noopener\">Grup M\u00fcsabaka \u0130lleri i\u00e7in t\u0131klay\u0131n\u0131z<\/a><\/strong><\/p>\n<p><strong><a href=\"https:\/\/turkiyetaekwondofed.gov.tr\/wp-content\/uploads\/2025\/12\/kotalar.pdf\" target=\"_blank\" rel=\"noreferrer noopener\">Gruplardan T\u00fcrkiye Taekwondo \u015eampiyonas\u0131na kat\u0131l\u0131m sa\u011flayacak sporcu kota say\u0131lar\u0131 i\u00e7in t\u0131klay\u0131n\u0131z<\/a><\/strong><\/p>\n<p><strong><a href=\"https:\/\/turkiyetaekwondofed.gov.tr\/wp-content\/uploads\/2025\/12\/katilim-sartlari.pdf\" target=\"_blank\" rel=\"noreferrer noopener\">Milli Sporcular Kat\u0131l\u0131m Kriterleri i\u00e7in t\u0131klay\u0131n\u0131z<\/a><\/strong><\/p>\n","protected":false},"excerpt":{"rendered":"<p>T\u00fcrkiye Taekwondo Federasyonu\u2019nun 2026 Y\u0131l\u0131 Faaliyet Program\u0131nda yer alan Gen\u00e7ler Taekwondo Grup M\u00fcsabakalar\u0131; Ankara Grubu 16-18 Ocak 2026, \u0130stanbul Grubu 28 Ocak-01 \u015eubat 2026, Do\u011fu Grubu 11-13 Ocak 2026 Alanya ve Bat\u0131 Grubu 23-25 Ocak Alanya olmak \u00fczere 4 farkl\u0131 grup halinde \u00a0yap\u0131lmas\u0131 planlanmaktad\u0131r. Ankara Grubu ve \u0130stanbul Grubu; B\u00fcy\u00fckler, Gen\u00e7ler ve Y\u0131ld\u0131zlar Taekwondo Grup [&hellip;]<\/p>\n","protected":false},"author":1,"featured_media":468,"comment_status":"open","ping_status":"open","sticky":false,"template":"","format":"standard","meta":{"footnotes":""},"categories":[1],"tags":[],"class_list":["post-467","post","type-post","status-publish","format-standard","has-post-thumbnail","hentry","category-genel"],"_links":{"self":[{"href":"https:\/\/taekwondohaber.com\/index.php\/wp-json\/wp\/v2\/posts\/467","targetHints":{"allow":["GET"]}}],"collection":[{"href":"https:\/\/taekwondohaber.com\/index.php\/wp-json\/wp\/v2\/posts"}],"about":[{"href":"https:\/\/taekwondohaber.com\/index.php\/wp-json\/wp\/v2\/types\/post"}],"author":[{"embeddable":true,"href":"https:\/\/taekwondohaber.com\/index.php\/wp-json\/wp\/v2\/users\/1"}],"replies":[{"embeddable":true,"href":"https:\/\/taekwondohaber.com\/index.php\/wp-json\/wp\/v2\/comments?post=467"}],"version-history":[{"count":1,"href":"https:\/\/taekwondohaber.com\/index.php\/wp-json\/wp\/v2\/posts\/467\/revisions"}],"predecessor-version":[{"id":469,"href":"https:\/\/taekwondohaber.com\/index.php\/wp-json\/wp\/v2\/posts\/467\/revisions\/469"}],"wp:featuredmedia":[{"embeddable":true,"href":"https:\/\/taekwondohaber.com\/index.php\/wp-json\/wp\/v2\/media\/468"}],"wp:attachment":[{"href":"https:\/\/taekwondohaber.com\/index.php\/wp-json\/wp\/v2\/media?parent=467"}],"wp:term":[{"taxonomy":"category","embeddable":true,"href":"https:\/\/taekwondohaber.com\/index.php\/wp-json\/wp\/v2\/categories?post=467"},{"taxonomy":"post_tag","embeddable":true,"href":"https:\/\/taekwondohaber.com\/index.php\/wp-json\/wp\/v2\/tags?post=467"}],"curies":[{"name":"wp","href":"https:\/\/api.w.org\/{rel}","templated":true}]}}