{"id":473,"date":"2026-03-03T12:17:04","date_gmt":"2026-03-03T09:17:04","guid":{"rendered":"https:\/\/taekwondohaber.com\/?p=473"},"modified":"2026-03-03T12:17:04","modified_gmt":"2026-03-03T09:17:04","slug":"turkiye-ve-avrupa-taekwondosu-icin-guc-birligi","status":"publish","type":"post","link":"https:\/\/taekwondohaber.com\/index.php\/2026\/03\/03\/turkiye-ve-avrupa-taekwondosu-icin-guc-birligi\/","title":{"rendered":"T\u00fcrkiye ve Avrupa Taekwondosu \u0130\u00e7in G\u00fc\u00e7 Birli\u011fi"},"content":{"rendered":"<p>T\u00fcrkiye Taekwondo Federasyonu Ba\u015fkan\u0131 Bahri Tanr\u0131kulu, Yunanistan\u2019da Avrupa Taekwondo Birli\u011fi (ETU) Ba\u015fkan\u0131 Sakis Pragalos ve ETU y\u00f6neticileriyle bir araya geldi.<\/p>\n<p>Olduk\u00e7a samimi ve olumlu bir atmosferde ger\u00e7ekle\u015fen g\u00f6r\u00fc\u015fmeye Merkez Hakem Kurulu Ba\u015fkan\u0131 Cumhur D\u00f6nmez\u2019in yan\u0131 s\u0131ra, ETU Y\u00f6netim Kurulu \u00dcyesi, Yunanistan Taekwondo Federasyonu Genel Sekreteri ve Olimpiyat Komitesi Ba\u015fkan Yard\u0131mc\u0131s\u0131 Michail Mouroutsos ile ETU Genel Sekreteri Antonio Barbarino,ETU Sportif Ditekt\u00f6r\u00fc Ioannis Mouroutsos da kat\u0131ld\u0131.<\/p>\n<p>Toplant\u0131da Avrupa taekwondosunun mevcut durumu, \u00f6n\u00fcm\u00fczdeki d\u00f6nemde hayata ge\u00e7irilmesi planlanan projeler, T\u00fcrkiye ile yap\u0131labilecek ortak \u00e7al\u0131\u015fmalar, kurumsal geli\u015fim s\u00fcre\u00e7leri ve Avrupa taekwondosunun s\u00fcrd\u00fcr\u00fclebilir geli\u015fimi ele al\u0131nd\u0131.<\/p>\n<p>Avrupa Taekwondo Birli\u011fi Ba\u015fkan\u0131 Sakis Pragalos, T\u00fcrkiye\u2019nin taekwondodaki geli\u015fimini yak\u0131ndan takip ettiklerini belirterek, Federasyon Ba\u015fkan\u0131 Bahri Tanr\u0131kulu\u2019nun g\u00f6reve gelmesiyle birlikte T\u00fcrk tqekwondosunun b\u00fcy\u00fck bir ivme kazand\u0131\u011f\u0131n\u0131 ifade etti.<\/p>\n<p>\u00d6zellikle 2025 y\u0131l\u0131nda elde edilen ba\u015far\u0131lar\u0131n yaln\u0131zca T\u00fcrkiye i\u00e7in de\u011fil, Avrupa taekwondosu ad\u0131na da gurur verici oldu\u011funu vurgulayan Pragalos, ETU olarak T\u00fcrkiye ile her t\u00fcrl\u00fc i\u015f birli\u011fine a\u00e7\u0131k olduklar\u0131n\u0131 ve gerekli t\u00fcm deste\u011fi vermeye haz\u0131r olduklar\u0131n\u0131 dile getirdi.<\/p>\n<p>Federasyon Ba\u015fkan\u0131 Bahri Tanr\u0131kulu ise T\u00fcrk taekwondosunun uluslararas\u0131 alanda daha da g\u00fc\u00e7lenmesi ad\u0131na ETU ile kurulacak i\u015f birliklerinin b\u00fcy\u00fck \u00f6nem ta\u015f\u0131d\u0131\u011f\u0131n\u0131 belirterek, bu t\u00fcr temaslar\u0131n hem sporcular\u0131n hem de taekwondo camias\u0131n\u0131n geli\u015fimine \u00f6nemli katk\u0131lar sa\u011flayaca\u011f\u0131n\u0131 ifade etti.<\/p>\n<figure class=\"wp-block-image size-large\"><img loading=\"lazy\" decoding=\"async\" class=\"wp-image-19803 lazyloaded\" src=\"https:\/\/turkiyetaekwondofed.gov.tr\/wp-content\/uploads\/2026\/02\/1000314718-768x1024.jpg\" alt=\"\" width=\"768\" height=\"1024\" data-ll-status=\"loaded\" \/><\/figure>\n<figure class=\"wp-block-image size-large\"><img loading=\"lazy\" decoding=\"async\" class=\"wp-image-19802 lazyloaded\" src=\"https:\/\/turkiyetaekwondofed.gov.tr\/wp-content\/uploads\/2026\/02\/1000314712-768x1024.jpg\" alt=\"\" width=\"768\" height=\"1024\" data-ll-status=\"loaded\" \/><\/figure>\n","protected":false},"excerpt":{"rendered":"<p>T\u00fcrkiye Taekwondo Federasyonu Ba\u015fkan\u0131 Bahri Tanr\u0131kulu, Yunanistan\u2019da Avrupa Taekwondo Birli\u011fi (ETU) Ba\u015fkan\u0131 Sakis Pragalos ve ETU y\u00f6neticileriyle bir araya geldi. Olduk\u00e7a samimi ve olumlu bir atmosferde ger\u00e7ekle\u015fen g\u00f6r\u00fc\u015fmeye Merkez Hakem Kurulu Ba\u015fkan\u0131 Cumhur D\u00f6nmez\u2019in yan\u0131 s\u0131ra, ETU Y\u00f6netim Kurulu \u00dcyesi, Yunanistan Taekwondo Federasyonu Genel Sekreteri ve Olimpiyat Komitesi Ba\u015fkan Yard\u0131mc\u0131s\u0131 Michail Mouroutsos ile ETU Genel [&hellip;]<\/p>\n","protected":false},"author":1,"featured_media":474,"comment_status":"open","ping_status":"open","sticky":false,"template":"","format":"standard","meta":{"footnotes":""},"categories":[4],"tags":[],"class_list":["post-473","post","type-post","status-publish","format-standard","has-post-thumbnail","hentry","category-ttf"],"_links":{"self":[{"href":"https:\/\/taekwondohaber.com\/index.php\/wp-json\/wp\/v2\/posts\/473","targetHints":{"allow":["GET"]}}],"collection":[{"href":"https:\/\/taekwondohaber.com\/index.php\/wp-json\/wp\/v2\/posts"}],"about":[{"href":"https:\/\/taekwondohaber.com\/index.php\/wp-json\/wp\/v2\/types\/post"}],"author":[{"embeddable":true,"href":"https:\/\/taekwondohaber.com\/index.php\/wp-json\/wp\/v2\/users\/1"}],"replies":[{"embeddable":true,"href":"https:\/\/taekwondohaber.com\/index.php\/wp-json\/wp\/v2\/comments?post=473"}],"version-history":[{"count":1,"href":"https:\/\/taekwondohaber.com\/index.php\/wp-json\/wp\/v2\/posts\/473\/revisions"}],"predecessor-version":[{"id":475,"href":"https:\/\/taekwondohaber.com\/index.php\/wp-json\/wp\/v2\/posts\/473\/revisions\/475"}],"wp:featuredmedia":[{"embeddable":true,"href":"https:\/\/taekwondohaber.com\/index.php\/wp-json\/wp\/v2\/media\/474"}],"wp:attachment":[{"href":"https:\/\/taekwondohaber.com\/index.php\/wp-json\/wp\/v2\/media?parent=473"}],"wp:term":[{"taxonomy":"category","embeddable":true,"href":"https:\/\/taekwondohaber.com\/index.php\/wp-json\/wp\/v2\/categories?post=473"},{"taxonomy":"post_tag","embeddable":true,"href":"https:\/\/taekwondohaber.com\/index.php\/wp-json\/wp\/v2\/tags?post=473"}],"curies":[{"name":"wp","href":"https:\/\/api.w.org\/{rel}","templated":true}]}}