{"id":482,"date":"2026-03-03T12:19:41","date_gmt":"2026-03-03T09:19:41","guid":{"rendered":"https:\/\/taekwondohaber.com\/?p=482"},"modified":"2026-03-03T12:19:41","modified_gmt":"2026-03-03T09:19:41","slug":"2026-yesilay-turkiye-buyukler-taekwondo-sampiyonasi-27-28-subat-ankara","status":"publish","type":"post","link":"https:\/\/taekwondohaber.com\/index.php\/2026\/03\/03\/2026-yesilay-turkiye-buyukler-taekwondo-sampiyonasi-27-28-subat-ankara\/","title":{"rendered":"2026 Ye\u015filay T\u00fcrkiye B\u00fcy\u00fckler Taekwondo \u015eampiyonas\u0131 (27-28 \u015eubat \/ Ankara)"},"content":{"rendered":"<h3><strong>2026 YE\u015e\u0130LAY T\u00dcRK\u0130YE B\u00dcY\u00dcKLER TAEKWONDO \u015eAMP\u0130YONASI<br \/>\n<\/strong>(27\u201328 \u015eubat 2026 | Ankara)<\/h3>\n<h3><strong>M\u00dcSABAKA PROGRAMI<br \/>\n<\/strong><\/h3>\n<table border=\"1\">\n<thead>\n<tr>\n<th><\/th>\n<th>27 \u015eUBAT<\/th>\n<th>28 \u015eUBAT<\/th>\n<\/tr>\n<\/thead>\n<tbody>\n<tr>\n<td><strong>ERKEKLER<\/strong><\/td>\n<td>54 KG \u2013 58 KG \u2013 68 KG \u2013 74 KG<\/td>\n<td>63 KG \u2013 80 KG \u2013 87 KG \u2013 (+)87 KG<\/td>\n<\/tr>\n<tr>\n<td><strong>KADINLAR<\/strong><\/td>\n<td>46 KG \u2013 49 KG \u2013 62 KG \u2013 73 KG<\/td>\n<td>53 KG \u2013 57 KG \u2013 67 KG \u2013 (+)73 KG<\/td>\n<\/tr>\n<\/tbody>\n<\/table>\n<div class=\"table-responsive\">\n<p>&nbsp;<\/p>\n<table class=\"table\" border=\"1\">\n<tbody>\n<tr>\n<td colspan=\"4\"><strong>KURA L\u0130STELER\u0130<\/strong><\/td>\n<\/tr>\n<tr>\n<th bgcolor=\"#30d5c8\"><a href=\"https:\/\/turkiyetaekwondofed.gov.tr\/wp-content\/uploads\/2026\/02\/Drawsheets-Friday-Day-1.pdf\"><strong>L\u00fctfen T\u0131klay\u0131n\u0131z<br \/>\n1.G\u00dcN<\/strong><\/a><\/th>\n<th bgcolor=\"#30d5c8\"><a href=\"https:\/\/turkiyetaekwondofed.gov.tr\/wp-content\/uploads\/2026\/02\/Drawsheets-Saturday-Day-2.pdf\"><strong>L\u00fctfen T\u0131klay\u0131n\u0131z<br \/>\n2.G\u00dcN<\/strong><\/a><\/th>\n<\/tr>\n<\/tbody>\n<\/table>\n<p>&nbsp;<\/p>\n<table class=\"table\" border=\"1\">\n<tbody>\n<tr>\n<td colspan=\"4\"><strong>RANDOM L\u0130STELER\u0130<\/strong><\/td>\n<\/tr>\n<tr>\n<th bgcolor=\"#ffa44f\"><a href=\"https:\/\/turkiyetaekwondofed.gov.tr\/wp-content\/uploads\/2026\/02\/1.gun-random-2.pdf\"><strong>L\u00fctfen T\u0131klay\u0131n\u0131z<br \/>\n1.G\u00dcN<\/strong><\/a><\/th>\n<th bgcolor=\"#ffa44f\"><a href=\"https:\/\/turkiyetaekwondofed.gov.tr\/wp-content\/uploads\/2026\/02\/2.gun-random-2.pdf\"><strong>L\u00fctfen T\u0131klay\u0131n\u0131z<br \/>\n2.G\u00dcN<\/strong><\/a><\/th>\n<\/tr>\n<\/tbody>\n<\/table>\n<p>&nbsp;<\/p>\n<table class=\"table\" border=\"1\">\n<tbody>\n<tr>\n<td colspan=\"4\"><strong>SONU\u00c7 L\u0130STELER\u0130<\/strong><\/td>\n<\/tr>\n<tr>\n<th bgcolor=\"#6c2\"><a href=\"https:\/\/turkiyetaekwondofed.gov.tr\/wp-content\/uploads\/2026\/02\/b-1-8.pdf\"><strong>L\u00fctfen T\u0131klay\u0131n\u0131z<br \/>\n1.G\u00dcN<\/strong><\/a><\/th>\n<th bgcolor=\"#6c2\"><a href=\"https:\/\/turkiyetaekwondofed.gov.tr\/wp-content\/uploads\/2026\/03\/b-2-8.pdf\"><strong>L\u00fctfen T\u0131klay\u0131n\u0131z<br \/>\n2.G\u00dcN<\/strong><\/a><\/th>\n<\/tr>\n<\/tbody>\n<\/table>\n<\/div>\n<p><strong>M\u00dcSABAKA B\u0130LG\u0130LER\u0130<\/strong><\/p>\n<p><strong>M\u00fcsabaka Tarihi<\/strong>\u00a0: 27-28 \u015eubat 2026<\/p>\n<p><strong>M\u00fcsabaka Yeri<\/strong>\u00a0: Taha Akg\u00fcl Spor Salonu Ankara<\/p>\n<p><strong>Teknik Toplant\u0131<\/strong>\u00a0: 26 \u015eubat 2026 \u2013 Saat : 16:00<\/p>\n<p><strong>Tart\u0131<\/strong>\u00a0: 26 \u015eubat 2026 \u2013 Saat: 10.00 \u2013 14.00 ( \u0130lk g\u00fcn m\u00fcsabakalar\u0131n\u0131n tart\u0131s\u0131 ) \u2013 Her s\u0131kletin tart\u0131s\u0131 o s\u0131kletin m\u00fcsabaka g\u00fcn\u00fcnden bir g\u00fcn \u00f6nce yap\u0131lacakt\u0131r.<\/p>\n<p><strong>08.01.2026<\/strong>\u00a0tarihinde yay\u0131mlanan yar\u0131\u015fma talimat\u0131n\u0131n\u00a0<strong>12. maddesi gere\u011fince<\/strong>; T\u00fcrkiye B\u00fcy\u00fckler Taekwondo \u015eampiyonas\u0131na belirlenen sporcular kat\u0131labilecektir.<\/p>\n<p>\u201c<strong><mark class=\"has-inline-color has-vivid-red-color\">Milli Sporcu Kat\u0131l\u0131m Kriterlerini ta\u015f\u0131yan ve m\u00fcsabakaya kat\u0131lmak isteyen sporcular\u0131m\u0131z, kay\u0131t i\u015flemlerini m\u00fcsabaka alan\u0131nda tart\u0131 g\u00fcnlerinde ger\u00e7ekle\u015ftirebileceklerdir.<\/mark><\/strong>\u201c<\/p>\n<p><strong>M\u00fcsabakalar \u201cDaedo(GEN3) Elektronik Sistem\u201d ile yap\u0131lacakt\u0131r.<\/strong><\/p>\n<p>** Online Geli\u015fim Seminerinde 2026 Y\u0131l\u0131 Vizesini yapt\u0131ran antren\u00f6r ve hakemlerimize da\u011f\u0131t\u0131lan akreditasyon kart\u0131n\u0131 kaybedenler T\u00fcrkiye Taekwondo Federasyonu TL hesab\u0131na (<strong>TR32 0003 2000 0000 0135 5652 84<\/strong>)\u00a0<strong>500 TL<\/strong>\u00a0yat\u0131rarak yeni akreditasyon kart\u0131 bast\u0131rabileceklerdir.<\/p>\n<p><strong>\u00d6nemli Not: M\u00fcsabakalara yar\u0131\u015facak sporcular \u0130L M\u00dcD\u00dcRL\u00dcKLER\u0130 taraf\u0131ndan g\u00f6nderilecek listelerde yer alan sporcular olmal\u0131d\u0131r.<\/strong><\/p>\n<p>\u2013Federasyonumuzca harc\u0131rahlar\u0131 \u00f6denmeyen kafilelerin idareci, antren\u00f6r ve sporcular\u0131n\u0131n harc\u0131rahlar\u0131 \u201cDevlet Bakanl\u0131\u011f\u0131n\u0131n 07\/06\/2007 tarih ve 2461 say\u0131l\u0131 genelgesi uyar\u0131nca Gen\u00e7lik ve Spor \u0130l M\u00fcd\u00fcrl\u00fcklerince kar\u015f\u0131lanabilecektir.\u201d denilmekte olup; harc\u0131rahlar Gen\u00e7lik ve Spor \u0130l M\u00fcd\u00fcrl\u00fcklerince kar\u015f\u0131lanabilecektir.<\/p>\n","protected":false},"excerpt":{"rendered":"<p>2026 YE\u015e\u0130LAY T\u00dcRK\u0130YE B\u00dcY\u00dcKLER TAEKWONDO \u015eAMP\u0130YONASI (27\u201328 \u015eubat 2026 | Ankara) M\u00dcSABAKA PROGRAMI 27 \u015eUBAT 28 \u015eUBAT ERKEKLER 54 KG \u2013 58 KG \u2013 68 KG \u2013 74 KG 63 KG \u2013 80 KG \u2013 87 KG \u2013 (+)87 KG KADINLAR 46 KG \u2013 49 KG \u2013 62 KG \u2013 73 KG 53 KG \u2013 [&hellip;]<\/p>\n","protected":false},"author":1,"featured_media":483,"comment_status":"open","ping_status":"open","sticky":false,"template":"","format":"standard","meta":{"footnotes":""},"categories":[4],"tags":[],"class_list":["post-482","post","type-post","status-publish","format-standard","has-post-thumbnail","hentry","category-ttf"],"_links":{"self":[{"href":"https:\/\/taekwondohaber.com\/index.php\/wp-json\/wp\/v2\/posts\/482","targetHints":{"allow":["GET"]}}],"collection":[{"href":"https:\/\/taekwondohaber.com\/index.php\/wp-json\/wp\/v2\/posts"}],"about":[{"href":"https:\/\/taekwondohaber.com\/index.php\/wp-json\/wp\/v2\/types\/post"}],"author":[{"embeddable":true,"href":"https:\/\/taekwondohaber.com\/index.php\/wp-json\/wp\/v2\/users\/1"}],"replies":[{"embeddable":true,"href":"https:\/\/taekwondohaber.com\/index.php\/wp-json\/wp\/v2\/comments?post=482"}],"version-history":[{"count":1,"href":"https:\/\/taekwondohaber.com\/index.php\/wp-json\/wp\/v2\/posts\/482\/revisions"}],"predecessor-version":[{"id":484,"href":"https:\/\/taekwondohaber.com\/index.php\/wp-json\/wp\/v2\/posts\/482\/revisions\/484"}],"wp:featuredmedia":[{"embeddable":true,"href":"https:\/\/taekwondohaber.com\/index.php\/wp-json\/wp\/v2\/media\/483"}],"wp:attachment":[{"href":"https:\/\/taekwondohaber.com\/index.php\/wp-json\/wp\/v2\/media?parent=482"}],"wp:term":[{"taxonomy":"category","embeddable":true,"href":"https:\/\/taekwondohaber.com\/index.php\/wp-json\/wp\/v2\/categories?post=482"},{"taxonomy":"post_tag","embeddable":true,"href":"https:\/\/taekwondohaber.com\/index.php\/wp-json\/wp\/v2\/tags?post=482"}],"curies":[{"name":"wp","href":"https:\/\/api.w.org\/{rel}","templated":true}]}}