{"id":485,"date":"2026-03-03T12:20:17","date_gmt":"2026-03-03T09:20:17","guid":{"rendered":"https:\/\/taekwondohaber.com\/?p=485"},"modified":"2026-03-03T12:20:17","modified_gmt":"2026-03-03T09:20:17","slug":"2026-dunya-gencler-taekwondo-sampiyonasi-milli-takim-secmesi","status":"publish","type":"post","link":"https:\/\/taekwondohaber.com\/index.php\/2026\/03\/03\/2026-dunya-gencler-taekwondo-sampiyonasi-milli-takim-secmesi\/","title":{"rendered":"2026 D\u00fcnya Gen\u00e7ler Taekwondo \u015eampiyonas\u0131 Milli Tak\u0131m Se\u00e7mesi"},"content":{"rendered":"<p>\u00d6zbekistan\u2019\u0131n ba\u015fkenti Ta\u015fkent\u2019te 12-17 Nisan 2026 tarihleri aras\u0131nda d\u00fczenlenecek olan D\u00fcnya Gen\u00e7ler Taekwondo \u015eampiyonas\u0131\u2019nda \u00fclkemizi temsil edecek milli tak\u0131m\u0131m\u0131z\u0131 belirlemek \u00fczere se\u00e7me m\u00fcsabakas\u0131 yap\u0131lacakt\u0131r.<\/p>\n<p><strong>Se\u00e7me Tarihi:<\/strong>\u00a004 Mart 2026\u00a0 Saat: 09.00<br \/>\n<strong>Tart\u0131 Tarihi-Saati:<\/strong>\u00a003 Mart 2026\u00a0 Saat 10.00-14.00<br \/>\n<strong>Se\u00e7me ve Tart\u0131 Yeri :<\/strong>\u00a0\u0130smet Iraz Spor Salonu Ankara<\/p>\n<p><mark class=\"has-inline-color has-vivid-red-color\">\u00d6NEML\u0130: Se\u00e7menin ard\u0131ndan belirlenecek milli tak\u0131m\u0131m\u0131z, ara vermeden Ankara\u2019da kampa girecektir. Se\u00e7meye kat\u0131lacak ve direkt olarak milli tak\u0131mda bulunan sporcular\u0131m\u0131z\u0131n bu duruma haz\u0131rl\u0131kl\u0131 olarak Ankara\u2019ya gelmeleri \u00f6nemle duyurulur.<\/mark><\/p>\n<p>Teknik Kurul, gerekli g\u00f6rd\u00fc\u011f\u00fc hallerde se\u00e7me listelerinde, direkt gidecek sporcu isimlerinde ve se\u00e7me m\u00fcsabakalar\u0131n\u0131n kurallar\u0131nda de\u011fi\u015fiklik yapabilir. Sporcular\u0131n kamp \u00e7al\u0131\u015fmalar\u0131na kat\u0131l\u0131m\u0131, performanslar\u0131, kilo durumu, sa\u011fl\u0131k ko\u015fullar\u0131 ve disiplin durumlar\u0131na ba\u011fl\u0131 olarak, Teknik Kurul tekrar se\u00e7me m\u00fcsabakas\u0131 d\u00fczenleyebilir veya milli tak\u0131m listesinde de\u011fi\u015fiklik\u00a0yapabilir.<\/p>\n<p>Se\u00e7meler \u201cDaedo(GEN3) Elektronik Sistem\u201d\u00a0\u00a0 ile yap\u0131lacakt\u0131r.<\/p>\n<p>Milli Tak\u0131m se\u00e7mesine kat\u0131lacak sporcu ve antren\u00f6rlerin izinleri Gen\u00e7lik ve Spor \u0130l M\u00fcd\u00fcrl\u00fckleri taraf\u0131ndan al\u0131nacak, ayr\u0131ca harc\u0131rahlar\u0131 da Gen\u00e7lik ve Spor \u0130l M\u00fcd\u00fcrl\u00fckleri veya Kul\u00fcpleri taraf\u0131ndan kar\u015f\u0131lanabilecek olup, Federasyonumuz taraf\u0131ndan se\u00e7melerde harc\u0131rah \u00f6denmeyecektir.<\/p>\n<p>D\u00fcnya Gen\u00e7ler Taekwondo \u015eampiyonas\u0131 i\u00e7in se\u00e7meye kat\u0131lacak\u00a0sporcu\u00a0listesi;<\/p>\n<h1 class=\"wp-block-heading has-medium-font-size\"><mark class=\"has-inline-color has-vivid-red-color\">ERKEKLER<\/mark><\/h1>\n<p><strong>45 KG<\/strong><\/p>\n<ul class=\"wp-block-list\">\n<li>Utku Kap \u2013 Direkt<\/li>\n<\/ul>\n<p><strong>48 KG<\/strong><\/p>\n<ul class=\"wp-block-list\">\n<li>Yunus Emre \u00d6zden<\/li>\n<li>Mehmet Taha Tekeli<\/li>\n<li>Ammarcan Yasir Eker<\/li>\n<li>Ali R\u00fczgar Burta\u00e7<\/li>\n<li>Hakan Y\u0131ld\u0131r\u0131m<\/li>\n<li>Koray Ali \u00c7evik<\/li>\n<\/ul>\n<p><strong>51 KG<\/strong><\/p>\n<ul class=\"wp-block-list\">\n<li>Altu\u011f Gesge<\/li>\n<li>Muhammed Mira\u00e7 \u00dcnal<\/li>\n<li>Samed \u00d6zdemir<\/li>\n<li>Kemal Eren Baran<\/li>\n<\/ul>\n<p><strong>55 KG<\/strong><\/p>\n<ul class=\"wp-block-list\">\n<li>Abdurrahman Y\u0131lmaz K\u0131l\u0131\u00e7 \u2013 D\u0130REKT<\/li>\n<\/ul>\n<p><strong>59 KG<\/strong><\/p>\n<ul class=\"wp-block-list\">\n<li>Eymen Aras Akcuraya<\/li>\n<li>Mustafa Arda Al<\/li>\n<li>Eymen Akyol<\/li>\n<li>Eren Kas\u0131m Patlar<\/li>\n<\/ul>\n<p><strong>63 KG<\/strong><\/p>\n<ul class=\"wp-block-list\">\n<li>Muhammed Emir Karag\u00f6z<\/li>\n<li>Ali Kerem Berkta\u015f<\/li>\n<li>Efe Hakan Bar\u0131\u015f<\/li>\n<li>\u0130brahim Hamza Hasano\u011flu<\/li>\n<li>\u00d6zg\u00fcr Zanyar Okan<\/li>\n<\/ul>\n<p><strong>68 KG<\/strong><\/p>\n<ul class=\"wp-block-list\">\n<li>Mustafa Ta\u015fdelen<\/li>\n<li>\u00d6mer Ya\u011f\u0131z Bar\u0131\u015f<\/li>\n<li>Emre Sar\u0131ta\u015f<\/li>\n<li>Ozan Karata\u015f<\/li>\n<li>Rasimefe Kahraman<\/li>\n<\/ul>\n<p><strong>73 KG<\/strong><\/p>\n<ul class=\"wp-block-list\">\n<li>Ercan Berk \u0130mamo\u011flu \u2013 D\u0130REKT<\/li>\n<\/ul>\n<p><strong>78 KG<\/strong><\/p>\n<ul class=\"wp-block-list\">\n<li>Tunahan Y\u00f6r\u00fck<\/li>\n<li>Osman Emre Ya\u011fl\u0131<\/li>\n<li>Aykut Co\u015fkun<\/li>\n<li>Kadir Egemen Ceran<\/li>\n<\/ul>\n<p><strong>+78 KG<\/strong><\/p>\n<ul class=\"wp-block-list\">\n<li>Yusuf Efe M\u0131zrak \u2013 D\u0130REKT<\/li>\n<\/ul>\n<h1 class=\"wp-block-heading has-medium-font-size\"><mark class=\"has-inline-color has-vivid-red-color\">BAYANLAR<\/mark><\/h1>\n<p><strong>42 KG<\/strong><\/p>\n<ul class=\"wp-block-list\">\n<li>Zeynep Zilan \u00dclg\u00fct \u2013 D\u0130REKT<\/li>\n<\/ul>\n<p><strong>44 KG<\/strong><\/p>\n<ul class=\"wp-block-list\">\n<li>Medine G\u00fcl Turan<\/li>\n<li>Damla Rabia \u015eim\u015fek<\/li>\n<li>Beren Ada Gelge\u00e7<\/li>\n<li>Livanur U\u011fur<\/li>\n<li>Irmak Geni\u015f<\/li>\n<\/ul>\n<p><strong>46 KG<\/strong><\/p>\n<ul class=\"wp-block-list\">\n<li>Neslihan Bozkurt<\/li>\n<li>Ay\u015fe Bozkurt<\/li>\n<li>Nisanur Faideci<\/li>\n<li>Belinay \u00d6zalt\u0131n<\/li>\n<li>R\u00fcmeysa Derin Su T\u00fcre<\/li>\n<\/ul>\n<p><strong>49 KG<\/strong><\/p>\n<ul class=\"wp-block-list\">\n<li>Fatma Zehra Akyaz\u0131c\u0131<\/li>\n<li>Ayse Sena Diler<\/li>\n<li>\u015eura Nur \u00d6rs<\/li>\n<li>\u0130rem \u00d6r\u00fcl<\/li>\n<\/ul>\n<p><strong>52 KG<\/strong><\/p>\n<ul class=\"wp-block-list\">\n<li>Asl\u0131 Cemre Ceylan<\/li>\n<li>Marziye Nur \u00c7elik<\/li>\n<li>Nesli\u015fah En\u00e7ok<\/li>\n<li>Havva \u0130lknur Yal\u00e7\u0131n<\/li>\n<\/ul>\n<p><strong>55 KG<\/strong><\/p>\n<ul class=\"wp-block-list\">\n<li>Berfin Avc\u0131<\/li>\n<li>Nehir Tekin<\/li>\n<li>Erva Aksn<\/li>\n<li>Ecrin Nisa Uslu<\/li>\n<li>Ceylin Naz Durmaz<\/li>\n<li>Zeynep \u015eahiner<\/li>\n<\/ul>\n<p><strong>59 KG<\/strong><\/p>\n<ul class=\"wp-block-list\">\n<li>Cansu \u015eeyho\u011flu \u2013 D\u0130REKT<\/li>\n<\/ul>\n<p><strong>63 KG<\/strong><\/p>\n<ul class=\"wp-block-list\">\n<li>Elif Esmira \u00d6zdirim<\/li>\n<li>Ay\u015fe I\u015f\u0131k<\/li>\n<li>Asya Ayd\u0131n<\/li>\n<li>\u0130rem Su Bak\u0131rta\u015f<\/li>\n<li>Hidayet \u0130lkim Sa\u00e7akl\u0131o\u011flu<\/li>\n<\/ul>\n<p><strong>68 KG<\/strong><\/p>\n<ul class=\"wp-block-list\">\n<li>Zeynep Nil Menek\u015fe \u2013 D\u0130REKT<\/li>\n<\/ul>\n<p><strong>+68 KG<\/strong><\/p>\n<ul class=\"wp-block-list\">\n<li>Aybel Yeter<\/li>\n<li>Bu\u011flem Do\u011fan<\/li>\n<li>Mina \u00d6zmen<\/li>\n<li>K\u0131ymet Selvi \u00d6zda\u011f<\/li>\n<li>G\u00fclnihal \u015eahin<\/li>\n<\/ul>\n<p><mark class=\"has-inline-color has-vivid-red-color\">\u00d6NEML\u0130: Se\u00e7menin ard\u0131ndan belirlenecek milli tak\u0131m\u0131m\u0131z, ara vermeden Ankara\u2019da kampa girecektir. Se\u00e7meye kat\u0131lacak ve direkt olarak milli tak\u0131mda bulunan sporcular\u0131m\u0131z\u0131n bu duruma haz\u0131rl\u0131kl\u0131 olarak Ankara\u2019ya gelmeleri \u00f6nemle duyurulur.<\/mark><\/p>\n","protected":false},"excerpt":{"rendered":"<p>\u00d6zbekistan\u2019\u0131n ba\u015fkenti Ta\u015fkent\u2019te 12-17 Nisan 2026 tarihleri aras\u0131nda d\u00fczenlenecek olan D\u00fcnya Gen\u00e7ler Taekwondo \u015eampiyonas\u0131\u2019nda \u00fclkemizi temsil edecek milli tak\u0131m\u0131m\u0131z\u0131 belirlemek \u00fczere se\u00e7me m\u00fcsabakas\u0131 yap\u0131lacakt\u0131r. Se\u00e7me Tarihi:\u00a004 Mart 2026\u00a0 Saat: 09.00 Tart\u0131 Tarihi-Saati:\u00a003 Mart 2026\u00a0 Saat 10.00-14.00 Se\u00e7me ve Tart\u0131 Yeri :\u00a0\u0130smet Iraz Spor Salonu Ankara \u00d6NEML\u0130: Se\u00e7menin ard\u0131ndan belirlenecek milli tak\u0131m\u0131m\u0131z, ara vermeden Ankara\u2019da kampa [&hellip;]<\/p>\n","protected":false},"author":1,"featured_media":377,"comment_status":"open","ping_status":"open","sticky":false,"template":"","format":"standard","meta":{"footnotes":""},"categories":[4],"tags":[],"class_list":["post-485","post","type-post","status-publish","format-standard","has-post-thumbnail","hentry","category-ttf"],"_links":{"self":[{"href":"https:\/\/taekwondohaber.com\/index.php\/wp-json\/wp\/v2\/posts\/485","targetHints":{"allow":["GET"]}}],"collection":[{"href":"https:\/\/taekwondohaber.com\/index.php\/wp-json\/wp\/v2\/posts"}],"about":[{"href":"https:\/\/taekwondohaber.com\/index.php\/wp-json\/wp\/v2\/types\/post"}],"author":[{"embeddable":true,"href":"https:\/\/taekwondohaber.com\/index.php\/wp-json\/wp\/v2\/users\/1"}],"replies":[{"embeddable":true,"href":"https:\/\/taekwondohaber.com\/index.php\/wp-json\/wp\/v2\/comments?post=485"}],"version-history":[{"count":1,"href":"https:\/\/taekwondohaber.com\/index.php\/wp-json\/wp\/v2\/posts\/485\/revisions"}],"predecessor-version":[{"id":486,"href":"https:\/\/taekwondohaber.com\/index.php\/wp-json\/wp\/v2\/posts\/485\/revisions\/486"}],"wp:featuredmedia":[{"embeddable":true,"href":"https:\/\/taekwondohaber.com\/index.php\/wp-json\/wp\/v2\/media\/377"}],"wp:attachment":[{"href":"https:\/\/taekwondohaber.com\/index.php\/wp-json\/wp\/v2\/media?parent=485"}],"wp:term":[{"taxonomy":"category","embeddable":true,"href":"https:\/\/taekwondohaber.com\/index.php\/wp-json\/wp\/v2\/categories?post=485"},{"taxonomy":"post_tag","embeddable":true,"href":"https:\/\/taekwondohaber.com\/index.php\/wp-json\/wp\/v2\/tags?post=485"}],"curies":[{"name":"wp","href":"https:\/\/api.w.org\/{rel}","templated":true}]}}